{"id":1140,"date":"2021-04-20T09:58:00","date_gmt":"2021-04-20T08:58:00","guid":{"rendered":"https:\/\/parrocchiamoltrasio.it\/sito\/?p=1140"},"modified":"2021-09-28T09:50:13","modified_gmt":"2021-09-28T08:50:13","slug":"s-cresima","status":"publish","type":"post","link":"https:\/\/parrocchiamoltrasio.it\/sito\/?p=1140","title":{"rendered":"S.Cresima 2021"},"content":{"rendered":"\n<p>Sabato 24 aprile alle ore 17 verr\u00e0 celebrata la S.Cresima per 14 dei nostri ragazzi. Il rito \u00e8 presieduto dal vicario generale Mons. Ivan Salvadori.<\/p>\n\n\n\n<p>In questa occasione <strong>verr\u00e0 sospesa la messa prefestiva delle 18 in chiesa parrocchiale<\/strong>, mentre sar\u00e0 <strong>celebrata regolarmente la prefestiva delle ore 16 a Tosnacco.<\/strong><\/p>\n\n\n\n<div class=\"wp-block-image\"><figure class=\"aligncenter size-large is-resized\"><a href=\"https:\/\/i0.wp.com\/parrocchiamoltrasio.it\/sito\/wp-content\/uploads\/2021\/04\/IMG20210424110043-scaled.jpg?ssl=1\" target=\"_blank\" rel=\"noopener\"><img data-recalc-dims=\"1\" loading=\"lazy\" decoding=\"async\" src=\"https:\/\/i0.wp.com\/parrocchiamoltrasio.it\/sito\/wp-content\/uploads\/2021\/04\/IMG20210424110043.jpg?resize=384%2C512&#038;ssl=1\" alt=\"\" class=\"wp-image-1143\" width=\"384\" height=\"512\" srcset=\"https:\/\/i0.wp.com\/parrocchiamoltrasio.it\/sito\/wp-content\/uploads\/2021\/04\/IMG20210424110043-scaled.jpg?resize=768%2C1024&amp;ssl=1 768w, https:\/\/i0.wp.com\/parrocchiamoltrasio.it\/sito\/wp-content\/uploads\/2021\/04\/IMG20210424110043-scaled.jpg?resize=225%2C300&amp;ssl=1 225w, https:\/\/i0.wp.com\/parrocchiamoltrasio.it\/sito\/wp-content\/uploads\/2021\/04\/IMG20210424110043-scaled.jpg?resize=1152%2C1536&amp;ssl=1 1152w, https:\/\/i0.wp.com\/parrocchiamoltrasio.it\/sito\/wp-content\/uploads\/2021\/04\/IMG20210424110043-scaled.jpg?resize=1536%2C2048&amp;ssl=1 1536w, https:\/\/i0.wp.com\/parrocchiamoltrasio.it\/sito\/wp-content\/uploads\/2021\/04\/IMG20210424110043-scaled.jpg?resize=113%2C150&amp;ssl=1 113w, https:\/\/i0.wp.com\/parrocchiamoltrasio.it\/sito\/wp-content\/uploads\/2021\/04\/IMG20210424110043-scaled.jpg?w=1920&amp;ssl=1 1920w, https:\/\/i0.wp.com\/parrocchiamoltrasio.it\/sito\/wp-content\/uploads\/2021\/04\/IMG20210424110043-scaled.jpg?w=1700&amp;ssl=1 1700w\" sizes=\"auto, (max-width: 384px) 100vw, 384px\" \/><\/a><\/figure><\/div>\n","protected":false},"excerpt":{"rendered":"<p>Sabato 24 aprile alle ore 17 verr\u00e0 celebrata la S.Cresima per 14 dei nostri ragazzi. Il rito \u00e8 presieduto dal vicario generale Mons. Ivan Salvadori. In questa occasione verr\u00e0 sospesa la messa prefestiva delle 18 in chiesa parrocchiale, mentre sar\u00e0 celebrata regolarmente la prefestiva delle ore 16 a Tosnacco.<\/p>\n<p class=\"continue-reading-button\"> <a class=\"continue-reading-link\" href=\"https:\/\/parrocchiamoltrasio.it\/sito\/?p=1140\">Leggi tutto<i class=\"crycon-right-dir\"><\/i><\/a><\/p>\n","protected":false},"author":1,"featured_media":0,"comment_status":"closed","ping_status":"open","sticky":false,"template":"","format":"standard","meta":{"_EventAllDay":false,"_EventTimezone":"","_EventStartDate":"","_EventEndDate":"","_EventStartDateUTC":"","_EventEndDateUTC":"","_EventShowMap":false,"_EventShowMapLink":false,"_EventURL":"","_EventCost":"","_EventCostDescription":"","_EventCurrencySymbol":"","_EventCurrencyCode":"","_EventCurrencyPosition":"","_EventDateTimeSeparator":"","_EventTimeRangeSeparator":"","_EventOrganizerID":[],"_EventVenueID":[],"_OrganizerEmail":"","_OrganizerPhone":"","_OrganizerWebsite":"","_VenueAddress":"","_VenueCity":"","_VenueCountry":"","_VenueProvince":"","_VenueState":"","_VenueZip":"","_VenuePhone":"","_VenueURL":"","_VenueStateProvince":"","_VenueLat":"","_VenueLng":"","_VenueShowMap":false,"_VenueShowMapLink":false,"_jetpack_memberships_contains_paid_content":false,"footnotes":""},"categories":[14,74,71,2],"tags":[],"class_list":["post-1140","post","type-post","status-publish","format-standard","hentry","category-catechesi","category-ss-messe","category-elementari","category-notizie"],"yoast_head":"<!-- This site is optimized with the Yoast SEO plugin v25.0 - https:\/\/yoast.com\/wordpress\/plugins\/seo\/ -->\n<title>S.Cresima 2021 -<\/title>\n<meta name=\"robots\" content=\"index, follow, max-snippet:-1, max-image-preview:large, max-video-preview:-1\" \/>\n<link rel=\"canonical\" href=\"https:\/\/parrocchiamoltrasio.it\/sito\/?p=1140\" \/>\n<meta property=\"og:locale\" content=\"it_IT\" \/>\n<meta property=\"og:type\" content=\"article\" \/>\n<meta property=\"og:title\" content=\"S.Cresima 2021 -\" \/>\n<meta property=\"og:description\" content=\"Sabato 24 aprile alle ore 17 verr\u00e0 celebrata la S.Cresima per 14 dei nostri ragazzi. Il rito \u00e8 presieduto dal vicario generale Mons. Ivan Salvadori. In questa occasione verr\u00e0 sospesa la messa prefestiva delle 18 in chiesa parrocchiale, mentre sar\u00e0 celebrata regolarmente la prefestiva delle ore 16 a Tosnacco. Leggi tutto\" \/>\n<meta property=\"og:url\" content=\"https:\/\/parrocchiamoltrasio.it\/sito\/?p=1140\" \/>\n<meta property=\"article:published_time\" content=\"2021-04-20T08:58:00+00:00\" \/>\n<meta property=\"article:modified_time\" content=\"2021-09-28T08:50:13+00:00\" \/>\n<meta property=\"og:image\" content=\"https:\/\/parrocchiamoltrasio.it\/sito\/wp-content\/uploads\/2021\/04\/IMG20210424110043-768x1024.jpg\" \/>\n<meta name=\"author\" content=\"admin\" \/>\n<meta name=\"twitter:card\" content=\"summary_large_image\" \/>\n<meta name=\"twitter:label1\" content=\"Scritto da\" \/>\n\t<meta name=\"twitter:data1\" content=\"admin\" \/>\n<script type=\"application\/ld+json\" class=\"yoast-schema-graph\">{\"@context\":\"https:\/\/schema.org\",\"@graph\":[{\"@type\":\"WebPage\",\"@id\":\"https:\/\/parrocchiamoltrasio.it\/sito\/?p=1140\",\"url\":\"https:\/\/parrocchiamoltrasio.it\/sito\/?p=1140\",\"name\":\"S.Cresima 2021 -\",\"isPartOf\":{\"@id\":\"https:\/\/parrocchiamoltrasio.it\/sito\/#website\"},\"primaryImageOfPage\":{\"@id\":\"https:\/\/parrocchiamoltrasio.it\/sito\/?p=1140#primaryimage\"},\"image\":{\"@id\":\"https:\/\/parrocchiamoltrasio.it\/sito\/?p=1140#primaryimage\"},\"thumbnailUrl\":\"https:\/\/parrocchiamoltrasio.it\/sito\/wp-content\/uploads\/2021\/04\/IMG20210424110043-768x1024.jpg\",\"datePublished\":\"2021-04-20T08:58:00+00:00\",\"dateModified\":\"2021-09-28T08:50:13+00:00\",\"author\":{\"@id\":\"https:\/\/parrocchiamoltrasio.it\/sito\/#\/schema\/person\/0bc747236b53a475a8fe5f106ab60cca\"},\"breadcrumb\":{\"@id\":\"https:\/\/parrocchiamoltrasio.it\/sito\/?p=1140#breadcrumb\"},\"inLanguage\":\"it-IT\",\"potentialAction\":[{\"@type\":\"ReadAction\",\"target\":[\"https:\/\/parrocchiamoltrasio.it\/sito\/?p=1140\"]}]},{\"@type\":\"ImageObject\",\"inLanguage\":\"it-IT\",\"@id\":\"https:\/\/parrocchiamoltrasio.it\/sito\/?p=1140#primaryimage\",\"url\":\"https:\/\/i0.wp.com\/parrocchiamoltrasio.it\/sito\/wp-content\/uploads\/2021\/04\/IMG20210424110043-scaled.jpg?fit=1920%2C2560&ssl=1\",\"contentUrl\":\"https:\/\/i0.wp.com\/parrocchiamoltrasio.it\/sito\/wp-content\/uploads\/2021\/04\/IMG20210424110043-scaled.jpg?fit=1920%2C2560&ssl=1\",\"width\":1920,\"height\":2560},{\"@type\":\"BreadcrumbList\",\"@id\":\"https:\/\/parrocchiamoltrasio.it\/sito\/?p=1140#breadcrumb\",\"itemListElement\":[{\"@type\":\"ListItem\",\"position\":1,\"name\":\"Home\",\"item\":\"https:\/\/parrocchiamoltrasio.it\/sito\"},{\"@type\":\"ListItem\",\"position\":2,\"name\":\"S.Cresima 2021\"}]},{\"@type\":\"WebSite\",\"@id\":\"https:\/\/parrocchiamoltrasio.it\/sito\/#website\",\"url\":\"https:\/\/parrocchiamoltrasio.it\/sito\/\",\"name\":\"\",\"description\":\"\",\"potentialAction\":[{\"@type\":\"SearchAction\",\"target\":{\"@type\":\"EntryPoint\",\"urlTemplate\":\"https:\/\/parrocchiamoltrasio.it\/sito\/?s={search_term_string}\"},\"query-input\":{\"@type\":\"PropertyValueSpecification\",\"valueRequired\":true,\"valueName\":\"search_term_string\"}}],\"inLanguage\":\"it-IT\"},{\"@type\":\"Person\",\"@id\":\"https:\/\/parrocchiamoltrasio.it\/sito\/#\/schema\/person\/0bc747236b53a475a8fe5f106ab60cca\",\"name\":\"admin\",\"image\":{\"@type\":\"ImageObject\",\"inLanguage\":\"it-IT\",\"@id\":\"https:\/\/parrocchiamoltrasio.it\/sito\/#\/schema\/person\/image\/\",\"url\":\"https:\/\/secure.gravatar.com\/avatar\/7d93eef994802953104735590c7284a6ecf6a5fe12f89df9f74df9746755ac10?s=96&d=mm&r=g\",\"contentUrl\":\"https:\/\/secure.gravatar.com\/avatar\/7d93eef994802953104735590c7284a6ecf6a5fe12f89df9f74df9746755ac10?s=96&d=mm&r=g\",\"caption\":\"admin\"},\"url\":\"https:\/\/parrocchiamoltrasio.it\/sito\/?author=1\"}]}<\/script>\n<!-- \/ Yoast SEO plugin. -->","yoast_head_json":{"title":"S.Cresima 2021 -","robots":{"index":"index","follow":"follow","max-snippet":"max-snippet:-1","max-image-preview":"max-image-preview:large","max-video-preview":"max-video-preview:-1"},"canonical":"https:\/\/parrocchiamoltrasio.it\/sito\/?p=1140","og_locale":"it_IT","og_type":"article","og_title":"S.Cresima 2021 -","og_description":"Sabato 24 aprile alle ore 17 verr\u00e0 celebrata la S.Cresima per 14 dei nostri ragazzi. Il rito \u00e8 presieduto dal vicario generale Mons. Ivan Salvadori. In questa occasione verr\u00e0 sospesa la messa prefestiva delle 18 in chiesa parrocchiale, mentre sar\u00e0 celebrata regolarmente la prefestiva delle ore 16 a Tosnacco. Leggi tutto","og_url":"https:\/\/parrocchiamoltrasio.it\/sito\/?p=1140","article_published_time":"2021-04-20T08:58:00+00:00","article_modified_time":"2021-09-28T08:50:13+00:00","og_image":[{"url":"https:\/\/parrocchiamoltrasio.it\/sito\/wp-content\/uploads\/2021\/04\/IMG20210424110043-768x1024.jpg","type":"","width":"","height":""}],"author":"admin","twitter_card":"summary_large_image","twitter_misc":{"Scritto da":"admin"},"schema":{"@context":"https:\/\/schema.org","@graph":[{"@type":"WebPage","@id":"https:\/\/parrocchiamoltrasio.it\/sito\/?p=1140","url":"https:\/\/parrocchiamoltrasio.it\/sito\/?p=1140","name":"S.Cresima 2021 -","isPartOf":{"@id":"https:\/\/parrocchiamoltrasio.it\/sito\/#website"},"primaryImageOfPage":{"@id":"https:\/\/parrocchiamoltrasio.it\/sito\/?p=1140#primaryimage"},"image":{"@id":"https:\/\/parrocchiamoltrasio.it\/sito\/?p=1140#primaryimage"},"thumbnailUrl":"https:\/\/parrocchiamoltrasio.it\/sito\/wp-content\/uploads\/2021\/04\/IMG20210424110043-768x1024.jpg","datePublished":"2021-04-20T08:58:00+00:00","dateModified":"2021-09-28T08:50:13+00:00","author":{"@id":"https:\/\/parrocchiamoltrasio.it\/sito\/#\/schema\/person\/0bc747236b53a475a8fe5f106ab60cca"},"breadcrumb":{"@id":"https:\/\/parrocchiamoltrasio.it\/sito\/?p=1140#breadcrumb"},"inLanguage":"it-IT","potentialAction":[{"@type":"ReadAction","target":["https:\/\/parrocchiamoltrasio.it\/sito\/?p=1140"]}]},{"@type":"ImageObject","inLanguage":"it-IT","@id":"https:\/\/parrocchiamoltrasio.it\/sito\/?p=1140#primaryimage","url":"https:\/\/i0.wp.com\/parrocchiamoltrasio.it\/sito\/wp-content\/uploads\/2021\/04\/IMG20210424110043-scaled.jpg?fit=1920%2C2560&ssl=1","contentUrl":"https:\/\/i0.wp.com\/parrocchiamoltrasio.it\/sito\/wp-content\/uploads\/2021\/04\/IMG20210424110043-scaled.jpg?fit=1920%2C2560&ssl=1","width":1920,"height":2560},{"@type":"BreadcrumbList","@id":"https:\/\/parrocchiamoltrasio.it\/sito\/?p=1140#breadcrumb","itemListElement":[{"@type":"ListItem","position":1,"name":"Home","item":"https:\/\/parrocchiamoltrasio.it\/sito"},{"@type":"ListItem","position":2,"name":"S.Cresima 2021"}]},{"@type":"WebSite","@id":"https:\/\/parrocchiamoltrasio.it\/sito\/#website","url":"https:\/\/parrocchiamoltrasio.it\/sito\/","name":"","description":"","potentialAction":[{"@type":"SearchAction","target":{"@type":"EntryPoint","urlTemplate":"https:\/\/parrocchiamoltrasio.it\/sito\/?s={search_term_string}"},"query-input":{"@type":"PropertyValueSpecification","valueRequired":true,"valueName":"search_term_string"}}],"inLanguage":"it-IT"},{"@type":"Person","@id":"https:\/\/parrocchiamoltrasio.it\/sito\/#\/schema\/person\/0bc747236b53a475a8fe5f106ab60cca","name":"admin","image":{"@type":"ImageObject","inLanguage":"it-IT","@id":"https:\/\/parrocchiamoltrasio.it\/sito\/#\/schema\/person\/image\/","url":"https:\/\/secure.gravatar.com\/avatar\/7d93eef994802953104735590c7284a6ecf6a5fe12f89df9f74df9746755ac10?s=96&d=mm&r=g","contentUrl":"https:\/\/secure.gravatar.com\/avatar\/7d93eef994802953104735590c7284a6ecf6a5fe12f89df9f74df9746755ac10?s=96&d=mm&r=g","caption":"admin"},"url":"https:\/\/parrocchiamoltrasio.it\/sito\/?author=1"}]}},"jetpack_featured_media_url":"","jetpack_sharing_enabled":true,"_links":{"self":[{"href":"https:\/\/parrocchiamoltrasio.it\/sito\/index.php?rest_route=\/wp\/v2\/posts\/1140","targetHints":{"allow":["GET"]}}],"collection":[{"href":"https:\/\/parrocchiamoltrasio.it\/sito\/index.php?rest_route=\/wp\/v2\/posts"}],"about":[{"href":"https:\/\/parrocchiamoltrasio.it\/sito\/index.php?rest_route=\/wp\/v2\/types\/post"}],"author":[{"embeddable":true,"href":"https:\/\/parrocchiamoltrasio.it\/sito\/index.php?rest_route=\/wp\/v2\/users\/1"}],"replies":[{"embeddable":true,"href":"https:\/\/parrocchiamoltrasio.it\/sito\/index.php?rest_route=%2Fwp%2Fv2%2Fcomments&post=1140"}],"version-history":[{"count":6,"href":"https:\/\/parrocchiamoltrasio.it\/sito\/index.php?rest_route=\/wp\/v2\/posts\/1140\/revisions"}],"predecessor-version":[{"id":1708,"href":"https:\/\/parrocchiamoltrasio.it\/sito\/index.php?rest_route=\/wp\/v2\/posts\/1140\/revisions\/1708"}],"wp:attachment":[{"href":"https:\/\/parrocchiamoltrasio.it\/sito\/index.php?rest_route=%2Fwp%2Fv2%2Fmedia&parent=1140"}],"wp:term":[{"taxonomy":"category","embeddable":true,"href":"https:\/\/parrocchiamoltrasio.it\/sito\/index.php?rest_route=%2Fwp%2Fv2%2Fcategories&post=1140"},{"taxonomy":"post_tag","embeddable":true,"href":"https:\/\/parrocchiamoltrasio.it\/sito\/index.php?rest_route=%2Fwp%2Fv2%2Ftags&post=1140"}],"curies":[{"name":"wp","href":"https:\/\/api.w.org\/{rel}","templated":true}]}}