{"id":1170,"date":"2021-05-12T10:59:57","date_gmt":"2021-05-12T09:59:57","guid":{"rendered":"https:\/\/parrocchiamoltrasio.it\/sito\/?p=1170"},"modified":"2021-09-22T11:51:31","modified_gmt":"2021-09-22T10:51:31","slug":"s-prima-comunione","status":"publish","type":"post","link":"https:\/\/parrocchiamoltrasio.it\/sito\/?p=1170","title":{"rendered":"S.Prima Comunione 2021"},"content":{"rendered":"\n<div class=\"wp-block-image\"><figure class=\"alignleft size-medium\"><a href=\"https:\/\/i0.wp.com\/parrocchiamoltrasio.it\/sito\/wp-content\/uploads\/2021\/05\/IMG_20210512_090949-scaled.jpg?ssl=1\"><img data-recalc-dims=\"1\" loading=\"lazy\" decoding=\"async\" width=\"215\" height=\"300\" src=\"https:\/\/i0.wp.com\/parrocchiamoltrasio.it\/sito\/wp-content\/uploads\/2021\/05\/IMG_20210512_090949.jpg?resize=215%2C300&#038;ssl=1\" alt=\"\" class=\"wp-image-1171\" srcset=\"https:\/\/i0.wp.com\/parrocchiamoltrasio.it\/sito\/wp-content\/uploads\/2021\/05\/IMG_20210512_090949-scaled.jpg?resize=215%2C300&amp;ssl=1 215w, https:\/\/i0.wp.com\/parrocchiamoltrasio.it\/sito\/wp-content\/uploads\/2021\/05\/IMG_20210512_090949-scaled.jpg?resize=733%2C1024&amp;ssl=1 733w, https:\/\/i0.wp.com\/parrocchiamoltrasio.it\/sito\/wp-content\/uploads\/2021\/05\/IMG_20210512_090949-scaled.jpg?resize=768%2C1072&amp;ssl=1 768w, https:\/\/i0.wp.com\/parrocchiamoltrasio.it\/sito\/wp-content\/uploads\/2021\/05\/IMG_20210512_090949-scaled.jpg?resize=1100%2C1536&amp;ssl=1 1100w, https:\/\/i0.wp.com\/parrocchiamoltrasio.it\/sito\/wp-content\/uploads\/2021\/05\/IMG_20210512_090949-scaled.jpg?resize=1467%2C2048&amp;ssl=1 1467w, https:\/\/i0.wp.com\/parrocchiamoltrasio.it\/sito\/wp-content\/uploads\/2021\/05\/IMG_20210512_090949-scaled.jpg?resize=107%2C150&amp;ssl=1 107w, https:\/\/i0.wp.com\/parrocchiamoltrasio.it\/sito\/wp-content\/uploads\/2021\/05\/IMG_20210512_090949-scaled.jpg?w=1833&amp;ssl=1 1833w, https:\/\/i0.wp.com\/parrocchiamoltrasio.it\/sito\/wp-content\/uploads\/2021\/05\/IMG_20210512_090949-scaled.jpg?w=1700&amp;ssl=1 1700w\" sizes=\"auto, (max-width: 215px) 100vw, 215px\" \/><\/a><\/figure><\/div>\n\n\n\n<p><strong>Domenica 16 maggio<\/strong> sar\u00e0 un grande giorno per i 20 bambini che ormai sono quasi pronti a ricevere il Sacramento della Prima Comunione.<br>Tra pochi giorni Ges\u00f9 sar\u00e0 nei loro cuori: accoglieranno questo dono sicuramente con generosit\u00e0 e gioia!<br>Attorno a loro sar\u00e0 festa, perch\u00e9 una felicit\u00e0 cos\u00ec grande ha senso solo se condivisa il pi\u00f9 possibile (pur con tutti i limiti che ora ci sono imposti), un dono cos\u00ec grande e gratuito ha senso solo se lo si racconta poi a gran voce!<br><strong>Allora la festa \u00e8 ormai pronta:<\/strong><br>La ricorrenza c\u2019\u00e8, gli invitati anche, il luogo lo sappiamo, regali pronti anche quelli, \u2026 non manca nulla! Il desiderio dei bambini di incontrati si fa coro in questa frase che hanno scritto insieme:<\/p>\n\n\n\n<p><\/p>\n\n\n\n<h3 class=\"wp-block-heading\"><em>\u201cCaro Ges\u00f9, stiamo finalmente per riceverTi sotto forma di Pane e Vino, accompagnaci sempre sulle strade della nostra vita\u201d.<\/em><\/h3>\n\n\n\n<p><\/p>\n\n\n\n<hr class=\"wp-block-separator\"\/>\n\n\n\n<p><\/p>\n\n\n\n<p><strong><span style=\"text-decoration: underline;\"><span style=\"color:#cf2e2e\" class=\"tadv-color\">AVVISO:<\/span><\/span><\/strong><br><em>Tutta la comunit\u00e0 parrocchiale \u00e8 invitata ad unirsi <strong>con la preghiera<\/strong> ai nostri ragazzi. Tuttavia, per consentire a loro e alle loro famiglie di vivere con maggiore serenit\u00e0 questo importate momento,<\/em><strong><em> \u00e8 consigliabile scegliere di partecipare alle altre funzioni:<\/em><\/strong><\/p>\n\n\n\n<p><strong>Sabato<\/strong> 15 maggio 2021<br>ore 16:00 \u2013 Chiesa Regina Pacis, Tosnacco (<em>prefestiva<\/em>)<br>ore 18:00 \u2013 Chiesa Parrocchiale (<em>prefestiva<\/em>)<\/p>\n\n\n\n<p><strong>Domenica<\/strong> 16 maggio 2021<br>ore 09:00 \u2013 Chiesa Regina Pacis, Tosnacco<br>ore 18:00 \u2013 Chiesa Parrocchiale<\/p>\n","protected":false},"excerpt":{"rendered":"<p>Domenica 16 maggio sar\u00e0 un grande giorno per i 20 bambini che ormai sono quasi pronti a ricevere il Sacramento della Prima Comunione.Tra pochi giorni Ges\u00f9 sar\u00e0 nei loro cuori: accoglieranno questo dono sicuramente con generosit\u00e0 e gioia!Attorno a loro sar\u00e0 festa, perch\u00e9 una felicit\u00e0 cos\u00ec grande ha senso solo&#8230;<\/p>\n<p class=\"continue-reading-button\"> <a class=\"continue-reading-link\" href=\"https:\/\/parrocchiamoltrasio.it\/sito\/?p=1170\">Leggi tutto<i class=\"crycon-right-dir\"><\/i><\/a><\/p>\n","protected":false},"author":1,"featured_media":1171,"comment_status":"closed","ping_status":"open","sticky":false,"template":"","format":"standard","meta":{"_EventAllDay":false,"_EventTimezone":"","_EventStartDate":"","_EventEndDate":"","_EventStartDateUTC":"","_EventEndDateUTC":"","_EventShowMap":false,"_EventShowMapLink":false,"_EventURL":"","_EventCost":"","_EventCostDescription":"","_EventCurrencySymbol":"","_EventCurrencyCode":"","_EventCurrencyPosition":"","_EventDateTimeSeparator":"","_EventTimeRangeSeparator":"","_EventOrganizerID":[],"_EventVenueID":[],"_OrganizerEmail":"","_OrganizerPhone":"","_OrganizerWebsite":"","_VenueAddress":"","_VenueCity":"","_VenueCountry":"","_VenueProvince":"","_VenueState":"","_VenueZip":"","_VenuePhone":"","_VenueURL":"","_VenueStateProvince":"","_VenueLat":"","_VenueLng":"","_VenueShowMap":false,"_VenueShowMapLink":false,"_jetpack_memberships_contains_paid_content":false,"footnotes":""},"categories":[14,74,71],"tags":[],"class_list":["post-1170","post","type-post","status-publish","format-standard","has-post-thumbnail","hentry","category-catechesi","category-ss-messe","category-elementari"],"yoast_head":"<!-- This site is optimized with the Yoast SEO plugin v25.0 - https:\/\/yoast.com\/wordpress\/plugins\/seo\/ -->\n<title>S.Prima Comunione 2021 -<\/title>\n<meta name=\"robots\" content=\"index, follow, max-snippet:-1, max-image-preview:large, max-video-preview:-1\" \/>\n<link rel=\"canonical\" href=\"https:\/\/parrocchiamoltrasio.it\/sito\/?p=1170\" \/>\n<meta property=\"og:locale\" content=\"it_IT\" \/>\n<meta property=\"og:type\" content=\"article\" \/>\n<meta property=\"og:title\" content=\"S.Prima Comunione 2021 -\" \/>\n<meta property=\"og:description\" content=\"Domenica 16 maggio sar\u00e0 un grande giorno per i 20 bambini che ormai sono quasi pronti a ricevere il Sacramento della Prima Comunione.Tra pochi giorni Ges\u00f9 sar\u00e0 nei loro cuori: accoglieranno questo dono sicuramente con generosit\u00e0 e gioia!Attorno a loro sar\u00e0 festa, perch\u00e9 una felicit\u00e0 cos\u00ec grande ha senso solo... Leggi tutto\" \/>\n<meta property=\"og:url\" content=\"https:\/\/parrocchiamoltrasio.it\/sito\/?p=1170\" \/>\n<meta property=\"article:published_time\" content=\"2021-05-12T09:59:57+00:00\" \/>\n<meta property=\"article:modified_time\" content=\"2021-09-22T10:51:31+00:00\" \/>\n<meta property=\"og:image\" content=\"https:\/\/i0.wp.com\/parrocchiamoltrasio.it\/sito\/wp-content\/uploads\/2021\/05\/IMG_20210512_090949-scaled.jpg?fit=1833%2C2560&ssl=1\" \/>\n\t<meta property=\"og:image:width\" content=\"1833\" \/>\n\t<meta property=\"og:image:height\" content=\"2560\" \/>\n\t<meta property=\"og:image:type\" content=\"image\/jpeg\" \/>\n<meta name=\"author\" content=\"admin\" \/>\n<meta name=\"twitter:card\" content=\"summary_large_image\" \/>\n<meta name=\"twitter:label1\" content=\"Scritto da\" \/>\n\t<meta name=\"twitter:data1\" content=\"admin\" \/>\n\t<meta name=\"twitter:label2\" content=\"Tempo di lettura stimato\" \/>\n\t<meta name=\"twitter:data2\" content=\"1 minuto\" \/>\n<script type=\"application\/ld+json\" class=\"yoast-schema-graph\">{\"@context\":\"https:\/\/schema.org\",\"@graph\":[{\"@type\":\"WebPage\",\"@id\":\"https:\/\/parrocchiamoltrasio.it\/sito\/?p=1170\",\"url\":\"https:\/\/parrocchiamoltrasio.it\/sito\/?p=1170\",\"name\":\"S.Prima Comunione 2021 -\",\"isPartOf\":{\"@id\":\"https:\/\/parrocchiamoltrasio.it\/sito\/#website\"},\"primaryImageOfPage\":{\"@id\":\"https:\/\/parrocchiamoltrasio.it\/sito\/?p=1170#primaryimage\"},\"image\":{\"@id\":\"https:\/\/parrocchiamoltrasio.it\/sito\/?p=1170#primaryimage\"},\"thumbnailUrl\":\"https:\/\/i0.wp.com\/parrocchiamoltrasio.it\/sito\/wp-content\/uploads\/2021\/05\/IMG_20210512_090949-scaled.jpg?fit=1833%2C2560&ssl=1\",\"datePublished\":\"2021-05-12T09:59:57+00:00\",\"dateModified\":\"2021-09-22T10:51:31+00:00\",\"author\":{\"@id\":\"https:\/\/parrocchiamoltrasio.it\/sito\/#\/schema\/person\/0bc747236b53a475a8fe5f106ab60cca\"},\"breadcrumb\":{\"@id\":\"https:\/\/parrocchiamoltrasio.it\/sito\/?p=1170#breadcrumb\"},\"inLanguage\":\"it-IT\",\"potentialAction\":[{\"@type\":\"ReadAction\",\"target\":[\"https:\/\/parrocchiamoltrasio.it\/sito\/?p=1170\"]}]},{\"@type\":\"ImageObject\",\"inLanguage\":\"it-IT\",\"@id\":\"https:\/\/parrocchiamoltrasio.it\/sito\/?p=1170#primaryimage\",\"url\":\"https:\/\/i0.wp.com\/parrocchiamoltrasio.it\/sito\/wp-content\/uploads\/2021\/05\/IMG_20210512_090949-scaled.jpg?fit=1833%2C2560&ssl=1\",\"contentUrl\":\"https:\/\/i0.wp.com\/parrocchiamoltrasio.it\/sito\/wp-content\/uploads\/2021\/05\/IMG_20210512_090949-scaled.jpg?fit=1833%2C2560&ssl=1\",\"width\":1833,\"height\":2560},{\"@type\":\"BreadcrumbList\",\"@id\":\"https:\/\/parrocchiamoltrasio.it\/sito\/?p=1170#breadcrumb\",\"itemListElement\":[{\"@type\":\"ListItem\",\"position\":1,\"name\":\"Home\",\"item\":\"https:\/\/parrocchiamoltrasio.it\/sito\"},{\"@type\":\"ListItem\",\"position\":2,\"name\":\"S.Prima Comunione 2021\"}]},{\"@type\":\"WebSite\",\"@id\":\"https:\/\/parrocchiamoltrasio.it\/sito\/#website\",\"url\":\"https:\/\/parrocchiamoltrasio.it\/sito\/\",\"name\":\"\",\"description\":\"\",\"potentialAction\":[{\"@type\":\"SearchAction\",\"target\":{\"@type\":\"EntryPoint\",\"urlTemplate\":\"https:\/\/parrocchiamoltrasio.it\/sito\/?s={search_term_string}\"},\"query-input\":{\"@type\":\"PropertyValueSpecification\",\"valueRequired\":true,\"valueName\":\"search_term_string\"}}],\"inLanguage\":\"it-IT\"},{\"@type\":\"Person\",\"@id\":\"https:\/\/parrocchiamoltrasio.it\/sito\/#\/schema\/person\/0bc747236b53a475a8fe5f106ab60cca\",\"name\":\"admin\",\"image\":{\"@type\":\"ImageObject\",\"inLanguage\":\"it-IT\",\"@id\":\"https:\/\/parrocchiamoltrasio.it\/sito\/#\/schema\/person\/image\/\",\"url\":\"https:\/\/secure.gravatar.com\/avatar\/7d93eef994802953104735590c7284a6ecf6a5fe12f89df9f74df9746755ac10?s=96&d=mm&r=g\",\"contentUrl\":\"https:\/\/secure.gravatar.com\/avatar\/7d93eef994802953104735590c7284a6ecf6a5fe12f89df9f74df9746755ac10?s=96&d=mm&r=g\",\"caption\":\"admin\"},\"url\":\"https:\/\/parrocchiamoltrasio.it\/sito\/?author=1\"}]}<\/script>\n<!-- \/ Yoast SEO plugin. -->","yoast_head_json":{"title":"S.Prima Comunione 2021 -","robots":{"index":"index","follow":"follow","max-snippet":"max-snippet:-1","max-image-preview":"max-image-preview:large","max-video-preview":"max-video-preview:-1"},"canonical":"https:\/\/parrocchiamoltrasio.it\/sito\/?p=1170","og_locale":"it_IT","og_type":"article","og_title":"S.Prima Comunione 2021 -","og_description":"Domenica 16 maggio sar\u00e0 un grande giorno per i 20 bambini che ormai sono quasi pronti a ricevere il Sacramento della Prima Comunione.Tra pochi giorni Ges\u00f9 sar\u00e0 nei loro cuori: accoglieranno questo dono sicuramente con generosit\u00e0 e gioia!Attorno a loro sar\u00e0 festa, perch\u00e9 una felicit\u00e0 cos\u00ec grande ha senso solo... Leggi tutto","og_url":"https:\/\/parrocchiamoltrasio.it\/sito\/?p=1170","article_published_time":"2021-05-12T09:59:57+00:00","article_modified_time":"2021-09-22T10:51:31+00:00","og_image":[{"width":1833,"height":2560,"url":"https:\/\/i0.wp.com\/parrocchiamoltrasio.it\/sito\/wp-content\/uploads\/2021\/05\/IMG_20210512_090949-scaled.jpg?fit=1833%2C2560&ssl=1","type":"image\/jpeg"}],"author":"admin","twitter_card":"summary_large_image","twitter_misc":{"Scritto da":"admin","Tempo di lettura stimato":"1 minuto"},"schema":{"@context":"https:\/\/schema.org","@graph":[{"@type":"WebPage","@id":"https:\/\/parrocchiamoltrasio.it\/sito\/?p=1170","url":"https:\/\/parrocchiamoltrasio.it\/sito\/?p=1170","name":"S.Prima Comunione 2021 -","isPartOf":{"@id":"https:\/\/parrocchiamoltrasio.it\/sito\/#website"},"primaryImageOfPage":{"@id":"https:\/\/parrocchiamoltrasio.it\/sito\/?p=1170#primaryimage"},"image":{"@id":"https:\/\/parrocchiamoltrasio.it\/sito\/?p=1170#primaryimage"},"thumbnailUrl":"https:\/\/i0.wp.com\/parrocchiamoltrasio.it\/sito\/wp-content\/uploads\/2021\/05\/IMG_20210512_090949-scaled.jpg?fit=1833%2C2560&ssl=1","datePublished":"2021-05-12T09:59:57+00:00","dateModified":"2021-09-22T10:51:31+00:00","author":{"@id":"https:\/\/parrocchiamoltrasio.it\/sito\/#\/schema\/person\/0bc747236b53a475a8fe5f106ab60cca"},"breadcrumb":{"@id":"https:\/\/parrocchiamoltrasio.it\/sito\/?p=1170#breadcrumb"},"inLanguage":"it-IT","potentialAction":[{"@type":"ReadAction","target":["https:\/\/parrocchiamoltrasio.it\/sito\/?p=1170"]}]},{"@type":"ImageObject","inLanguage":"it-IT","@id":"https:\/\/parrocchiamoltrasio.it\/sito\/?p=1170#primaryimage","url":"https:\/\/i0.wp.com\/parrocchiamoltrasio.it\/sito\/wp-content\/uploads\/2021\/05\/IMG_20210512_090949-scaled.jpg?fit=1833%2C2560&ssl=1","contentUrl":"https:\/\/i0.wp.com\/parrocchiamoltrasio.it\/sito\/wp-content\/uploads\/2021\/05\/IMG_20210512_090949-scaled.jpg?fit=1833%2C2560&ssl=1","width":1833,"height":2560},{"@type":"BreadcrumbList","@id":"https:\/\/parrocchiamoltrasio.it\/sito\/?p=1170#breadcrumb","itemListElement":[{"@type":"ListItem","position":1,"name":"Home","item":"https:\/\/parrocchiamoltrasio.it\/sito"},{"@type":"ListItem","position":2,"name":"S.Prima Comunione 2021"}]},{"@type":"WebSite","@id":"https:\/\/parrocchiamoltrasio.it\/sito\/#website","url":"https:\/\/parrocchiamoltrasio.it\/sito\/","name":"","description":"","potentialAction":[{"@type":"SearchAction","target":{"@type":"EntryPoint","urlTemplate":"https:\/\/parrocchiamoltrasio.it\/sito\/?s={search_term_string}"},"query-input":{"@type":"PropertyValueSpecification","valueRequired":true,"valueName":"search_term_string"}}],"inLanguage":"it-IT"},{"@type":"Person","@id":"https:\/\/parrocchiamoltrasio.it\/sito\/#\/schema\/person\/0bc747236b53a475a8fe5f106ab60cca","name":"admin","image":{"@type":"ImageObject","inLanguage":"it-IT","@id":"https:\/\/parrocchiamoltrasio.it\/sito\/#\/schema\/person\/image\/","url":"https:\/\/secure.gravatar.com\/avatar\/7d93eef994802953104735590c7284a6ecf6a5fe12f89df9f74df9746755ac10?s=96&d=mm&r=g","contentUrl":"https:\/\/secure.gravatar.com\/avatar\/7d93eef994802953104735590c7284a6ecf6a5fe12f89df9f74df9746755ac10?s=96&d=mm&r=g","caption":"admin"},"url":"https:\/\/parrocchiamoltrasio.it\/sito\/?author=1"}]}},"jetpack_featured_media_url":"https:\/\/i0.wp.com\/parrocchiamoltrasio.it\/sito\/wp-content\/uploads\/2021\/05\/IMG_20210512_090949-scaled.jpg?fit=1833%2C2560&ssl=1","jetpack_sharing_enabled":true,"_links":{"self":[{"href":"https:\/\/parrocchiamoltrasio.it\/sito\/index.php?rest_route=\/wp\/v2\/posts\/1170","targetHints":{"allow":["GET"]}}],"collection":[{"href":"https:\/\/parrocchiamoltrasio.it\/sito\/index.php?rest_route=\/wp\/v2\/posts"}],"about":[{"href":"https:\/\/parrocchiamoltrasio.it\/sito\/index.php?rest_route=\/wp\/v2\/types\/post"}],"author":[{"embeddable":true,"href":"https:\/\/parrocchiamoltrasio.it\/sito\/index.php?rest_route=\/wp\/v2\/users\/1"}],"replies":[{"embeddable":true,"href":"https:\/\/parrocchiamoltrasio.it\/sito\/index.php?rest_route=%2Fwp%2Fv2%2Fcomments&post=1170"}],"version-history":[{"count":12,"href":"https:\/\/parrocchiamoltrasio.it\/sito\/index.php?rest_route=\/wp\/v2\/posts\/1170\/revisions"}],"predecessor-version":[{"id":1658,"href":"https:\/\/parrocchiamoltrasio.it\/sito\/index.php?rest_route=\/wp\/v2\/posts\/1170\/revisions\/1658"}],"wp:featuredmedia":[{"embeddable":true,"href":"https:\/\/parrocchiamoltrasio.it\/sito\/index.php?rest_route=\/wp\/v2\/media\/1171"}],"wp:attachment":[{"href":"https:\/\/parrocchiamoltrasio.it\/sito\/index.php?rest_route=%2Fwp%2Fv2%2Fmedia&parent=1170"}],"wp:term":[{"taxonomy":"category","embeddable":true,"href":"https:\/\/parrocchiamoltrasio.it\/sito\/index.php?rest_route=%2Fwp%2Fv2%2Fcategories&post=1170"},{"taxonomy":"post_tag","embeddable":true,"href":"https:\/\/parrocchiamoltrasio.it\/sito\/index.php?rest_route=%2Fwp%2Fv2%2Ftags&post=1170"}],"curies":[{"name":"wp","href":"https:\/\/api.w.org\/{rel}","templated":true}]}}