{"id":1682,"date":"2020-09-22T15:44:00","date_gmt":"2020-09-22T14:44:00","guid":{"rendered":"https:\/\/parrocchiamoltrasio.it\/sito\/?p=1682"},"modified":"2021-09-22T15:52:04","modified_gmt":"2021-09-22T14:52:04","slug":"orario-estivo","status":"publish","type":"post","link":"https:\/\/parrocchiamoltrasio.it\/sito\/?p=1682","title":{"rendered":"Orario Estivo"},"content":{"rendered":"\n<p><strong>Dal 1 giugno entra in vigore l&#8217;orario estivo con le seguenti variazioni: la s.messa del venerd\u00ec pomeriggio a Tosnacco \u00e8 spostata alle ore 17.00 e la s.messa della domenica sera \u00e8 spostata alle 20.45. <\/strong><\/p>\n\n\n\n<p><strong>Rimane invariato l&#8217;orario della prefestiva del sabato a Tosnacco alle ore 16.00.<\/strong><\/p>\n\n\n\n<p>Di seguito l&#8217;orario aggiornato<\/p>\n\n\n\n<p><strong>Luned\u00ec<\/strong><br>ore 08:30 \u2013 Chiesa Parrocchiale<br><br><strong>Marted\u00ec<\/strong><br>ore 08:30 \u2013 Chiesa Parrocchiale<\/p>\n\n\n\n<p><strong>Mercoled\u00ec<\/strong><br>ore 08:30 \u2013 Chiesa Parrocchiale<\/p>\n\n\n\n<p><strong>Gioved\u00ec<\/strong><br>ore 08:30 \u2013 Chiesa Parrocchiale<\/p>\n\n\n\n<p><strong>Venerd\u00ec<\/strong><br>ore 08:30 \u2013 Chiesa Parrocchiale<br>ore 17:00 \u2013 Chiesa Regina Pacis, Tosnacco<\/p>\n\n\n\n<p><strong>Sabato<\/strong><br>ore 08:30 \u2013 Chiesa Parrocchiale<br>ore 16:00 \u2013 Chiesa Regina Pacis, Tosnacco (<em>prefestiva<\/em>)<br>ore 18:00 \u2013 Chiesa Parrocchiale (<em>prefestiva<\/em>)<\/p>\n\n\n\n<p><strong>Domenica<\/strong><br>ore 09:00 \u2013 Chiesa Regina Pacis, Tosnacco<br>ore 10:30 \u2013 Chiesa Parrocchiale<br>ore 20:45 \u2013 Chiesa Parrocchiale<\/p>\n\n\n\n<hr class=\"wp-block-separator has-text-color has-background has-vivid-red-background-color has-vivid-red-color is-style-wide\"\/>\n\n\n\n<h4 class=\"wp-block-heading\">Vedi anche:<\/h4>\n\n\n\n<p><a href=\"https:\/\/parrocchiamoltrasio.it\/sito\/?cat=77\" data-type=\"category\" data-id=\"77\">Celebrazioni in streaming<\/a><\/p>\n\n\n\n<p><a href=\"https:\/\/parrocchiamoltrasio.it\/sito\/?page_id=352\">Agenda parrocchiale della settimana<\/a><\/p>\n\n\n\n<p><a rel=\"noreferrer noopener\" href=\"https:\/\/parrocchiamoltrasio.it\/sito\/?p=380\" target=\"_blank\">Norme per la partecipazione alle celebrazioni liturgiche<\/a><\/p>\n","protected":false},"excerpt":{"rendered":"<p>Dal 1 giugno entra in vigore l&#8217;orario estivo con le seguenti variazioni: la s.messa del venerd\u00ec pomeriggio a Tosnacco \u00e8 spostata alle ore 17.00 e la s.messa della domenica sera \u00e8 spostata alle 20.45. Rimane invariato l&#8217;orario della prefestiva del sabato a Tosnacco alle ore 16.00. Di seguito l&#8217;orario aggiornato&#8230;<\/p>\n<p class=\"continue-reading-button\"> <a class=\"continue-reading-link\" href=\"https:\/\/parrocchiamoltrasio.it\/sito\/?p=1682\">Leggi tutto<i class=\"crycon-right-dir\"><\/i><\/a><\/p>\n","protected":false},"author":1,"featured_media":0,"comment_status":"closed","ping_status":"open","sticky":false,"template":"","format":"standard","meta":{"_EventAllDay":false,"_EventTimezone":"","_EventStartDate":"","_EventEndDate":"","_EventStartDateUTC":"","_EventEndDateUTC":"","_EventShowMap":false,"_EventShowMapLink":false,"_EventURL":"","_EventCost":"","_EventCostDescription":"","_EventCurrencySymbol":"","_EventCurrencyCode":"","_EventCurrencyPosition":"","_EventDateTimeSeparator":"","_EventTimeRangeSeparator":"","_EventOrganizerID":[],"_EventVenueID":[],"_OrganizerEmail":"","_OrganizerPhone":"","_OrganizerWebsite":"","_VenueAddress":"","_VenueCity":"","_VenueCountry":"","_VenueProvince":"","_VenueState":"","_VenueZip":"","_VenuePhone":"","_VenueURL":"","_VenueStateProvince":"","_VenueLat":"","_VenueLng":"","_VenueShowMap":false,"_VenueShowMapLink":false,"_jetpack_memberships_contains_paid_content":false,"footnotes":""},"categories":[75],"tags":[],"class_list":["post-1682","post","type-post","status-publish","format-standard","hentry","category-orario-estivo"],"yoast_head":"<!-- This site is optimized with the Yoast SEO plugin v25.0 - https:\/\/yoast.com\/wordpress\/plugins\/seo\/ -->\n<title>Orario Estivo -<\/title>\n<meta name=\"robots\" content=\"index, follow, max-snippet:-1, max-image-preview:large, max-video-preview:-1\" \/>\n<link rel=\"canonical\" href=\"https:\/\/parrocchiamoltrasio.it\/sito\/?p=1682\" \/>\n<meta property=\"og:locale\" content=\"it_IT\" \/>\n<meta property=\"og:type\" content=\"article\" \/>\n<meta property=\"og:title\" content=\"Orario Estivo -\" \/>\n<meta property=\"og:description\" content=\"Dal 1 giugno entra in vigore l&#8217;orario estivo con le seguenti variazioni: la s.messa del venerd\u00ec pomeriggio a Tosnacco \u00e8 spostata alle ore 17.00 e la s.messa della domenica sera \u00e8 spostata alle 20.45. Rimane invariato l&#8217;orario della prefestiva del sabato a Tosnacco alle ore 16.00. Di seguito l&#8217;orario aggiornato... Leggi tutto\" \/>\n<meta property=\"og:url\" content=\"https:\/\/parrocchiamoltrasio.it\/sito\/?p=1682\" \/>\n<meta property=\"article:published_time\" content=\"2020-09-22T14:44:00+00:00\" \/>\n<meta property=\"article:modified_time\" content=\"2021-09-22T14:52:04+00:00\" \/>\n<meta name=\"author\" content=\"admin\" \/>\n<meta name=\"twitter:card\" content=\"summary_large_image\" \/>\n<meta name=\"twitter:label1\" content=\"Scritto da\" \/>\n\t<meta name=\"twitter:data1\" content=\"admin\" \/>\n\t<meta name=\"twitter:label2\" content=\"Tempo di lettura stimato\" \/>\n\t<meta name=\"twitter:data2\" content=\"1 minuto\" \/>\n<script type=\"application\/ld+json\" class=\"yoast-schema-graph\">{\"@context\":\"https:\/\/schema.org\",\"@graph\":[{\"@type\":\"WebPage\",\"@id\":\"https:\/\/parrocchiamoltrasio.it\/sito\/?p=1682\",\"url\":\"https:\/\/parrocchiamoltrasio.it\/sito\/?p=1682\",\"name\":\"Orario Estivo -\",\"isPartOf\":{\"@id\":\"https:\/\/parrocchiamoltrasio.it\/sito\/#website\"},\"datePublished\":\"2020-09-22T14:44:00+00:00\",\"dateModified\":\"2021-09-22T14:52:04+00:00\",\"author\":{\"@id\":\"https:\/\/parrocchiamoltrasio.it\/sito\/#\/schema\/person\/0bc747236b53a475a8fe5f106ab60cca\"},\"breadcrumb\":{\"@id\":\"https:\/\/parrocchiamoltrasio.it\/sito\/?p=1682#breadcrumb\"},\"inLanguage\":\"it-IT\",\"potentialAction\":[{\"@type\":\"ReadAction\",\"target\":[\"https:\/\/parrocchiamoltrasio.it\/sito\/?p=1682\"]}]},{\"@type\":\"BreadcrumbList\",\"@id\":\"https:\/\/parrocchiamoltrasio.it\/sito\/?p=1682#breadcrumb\",\"itemListElement\":[{\"@type\":\"ListItem\",\"position\":1,\"name\":\"Home\",\"item\":\"https:\/\/parrocchiamoltrasio.it\/sito\"},{\"@type\":\"ListItem\",\"position\":2,\"name\":\"Orario Estivo\"}]},{\"@type\":\"WebSite\",\"@id\":\"https:\/\/parrocchiamoltrasio.it\/sito\/#website\",\"url\":\"https:\/\/parrocchiamoltrasio.it\/sito\/\",\"name\":\"\",\"description\":\"\",\"potentialAction\":[{\"@type\":\"SearchAction\",\"target\":{\"@type\":\"EntryPoint\",\"urlTemplate\":\"https:\/\/parrocchiamoltrasio.it\/sito\/?s={search_term_string}\"},\"query-input\":{\"@type\":\"PropertyValueSpecification\",\"valueRequired\":true,\"valueName\":\"search_term_string\"}}],\"inLanguage\":\"it-IT\"},{\"@type\":\"Person\",\"@id\":\"https:\/\/parrocchiamoltrasio.it\/sito\/#\/schema\/person\/0bc747236b53a475a8fe5f106ab60cca\",\"name\":\"admin\",\"image\":{\"@type\":\"ImageObject\",\"inLanguage\":\"it-IT\",\"@id\":\"https:\/\/parrocchiamoltrasio.it\/sito\/#\/schema\/person\/image\/\",\"url\":\"https:\/\/secure.gravatar.com\/avatar\/7d93eef994802953104735590c7284a6ecf6a5fe12f89df9f74df9746755ac10?s=96&d=mm&r=g\",\"contentUrl\":\"https:\/\/secure.gravatar.com\/avatar\/7d93eef994802953104735590c7284a6ecf6a5fe12f89df9f74df9746755ac10?s=96&d=mm&r=g\",\"caption\":\"admin\"},\"url\":\"https:\/\/parrocchiamoltrasio.it\/sito\/?author=1\"}]}<\/script>\n<!-- \/ Yoast SEO plugin. -->","yoast_head_json":{"title":"Orario Estivo -","robots":{"index":"index","follow":"follow","max-snippet":"max-snippet:-1","max-image-preview":"max-image-preview:large","max-video-preview":"max-video-preview:-1"},"canonical":"https:\/\/parrocchiamoltrasio.it\/sito\/?p=1682","og_locale":"it_IT","og_type":"article","og_title":"Orario Estivo -","og_description":"Dal 1 giugno entra in vigore l&#8217;orario estivo con le seguenti variazioni: la s.messa del venerd\u00ec pomeriggio a Tosnacco \u00e8 spostata alle ore 17.00 e la s.messa della domenica sera \u00e8 spostata alle 20.45. Rimane invariato l&#8217;orario della prefestiva del sabato a Tosnacco alle ore 16.00. Di seguito l&#8217;orario aggiornato... Leggi tutto","og_url":"https:\/\/parrocchiamoltrasio.it\/sito\/?p=1682","article_published_time":"2020-09-22T14:44:00+00:00","article_modified_time":"2021-09-22T14:52:04+00:00","author":"admin","twitter_card":"summary_large_image","twitter_misc":{"Scritto da":"admin","Tempo di lettura stimato":"1 minuto"},"schema":{"@context":"https:\/\/schema.org","@graph":[{"@type":"WebPage","@id":"https:\/\/parrocchiamoltrasio.it\/sito\/?p=1682","url":"https:\/\/parrocchiamoltrasio.it\/sito\/?p=1682","name":"Orario Estivo -","isPartOf":{"@id":"https:\/\/parrocchiamoltrasio.it\/sito\/#website"},"datePublished":"2020-09-22T14:44:00+00:00","dateModified":"2021-09-22T14:52:04+00:00","author":{"@id":"https:\/\/parrocchiamoltrasio.it\/sito\/#\/schema\/person\/0bc747236b53a475a8fe5f106ab60cca"},"breadcrumb":{"@id":"https:\/\/parrocchiamoltrasio.it\/sito\/?p=1682#breadcrumb"},"inLanguage":"it-IT","potentialAction":[{"@type":"ReadAction","target":["https:\/\/parrocchiamoltrasio.it\/sito\/?p=1682"]}]},{"@type":"BreadcrumbList","@id":"https:\/\/parrocchiamoltrasio.it\/sito\/?p=1682#breadcrumb","itemListElement":[{"@type":"ListItem","position":1,"name":"Home","item":"https:\/\/parrocchiamoltrasio.it\/sito"},{"@type":"ListItem","position":2,"name":"Orario Estivo"}]},{"@type":"WebSite","@id":"https:\/\/parrocchiamoltrasio.it\/sito\/#website","url":"https:\/\/parrocchiamoltrasio.it\/sito\/","name":"","description":"","potentialAction":[{"@type":"SearchAction","target":{"@type":"EntryPoint","urlTemplate":"https:\/\/parrocchiamoltrasio.it\/sito\/?s={search_term_string}"},"query-input":{"@type":"PropertyValueSpecification","valueRequired":true,"valueName":"search_term_string"}}],"inLanguage":"it-IT"},{"@type":"Person","@id":"https:\/\/parrocchiamoltrasio.it\/sito\/#\/schema\/person\/0bc747236b53a475a8fe5f106ab60cca","name":"admin","image":{"@type":"ImageObject","inLanguage":"it-IT","@id":"https:\/\/parrocchiamoltrasio.it\/sito\/#\/schema\/person\/image\/","url":"https:\/\/secure.gravatar.com\/avatar\/7d93eef994802953104735590c7284a6ecf6a5fe12f89df9f74df9746755ac10?s=96&d=mm&r=g","contentUrl":"https:\/\/secure.gravatar.com\/avatar\/7d93eef994802953104735590c7284a6ecf6a5fe12f89df9f74df9746755ac10?s=96&d=mm&r=g","caption":"admin"},"url":"https:\/\/parrocchiamoltrasio.it\/sito\/?author=1"}]}},"jetpack_featured_media_url":"","jetpack_sharing_enabled":true,"_links":{"self":[{"href":"https:\/\/parrocchiamoltrasio.it\/sito\/index.php?rest_route=\/wp\/v2\/posts\/1682","targetHints":{"allow":["GET"]}}],"collection":[{"href":"https:\/\/parrocchiamoltrasio.it\/sito\/index.php?rest_route=\/wp\/v2\/posts"}],"about":[{"href":"https:\/\/parrocchiamoltrasio.it\/sito\/index.php?rest_route=\/wp\/v2\/types\/post"}],"author":[{"embeddable":true,"href":"https:\/\/parrocchiamoltrasio.it\/sito\/index.php?rest_route=\/wp\/v2\/users\/1"}],"replies":[{"embeddable":true,"href":"https:\/\/parrocchiamoltrasio.it\/sito\/index.php?rest_route=%2Fwp%2Fv2%2Fcomments&post=1682"}],"version-history":[{"count":1,"href":"https:\/\/parrocchiamoltrasio.it\/sito\/index.php?rest_route=\/wp\/v2\/posts\/1682\/revisions"}],"predecessor-version":[{"id":1683,"href":"https:\/\/parrocchiamoltrasio.it\/sito\/index.php?rest_route=\/wp\/v2\/posts\/1682\/revisions\/1683"}],"wp:attachment":[{"href":"https:\/\/parrocchiamoltrasio.it\/sito\/index.php?rest_route=%2Fwp%2Fv2%2Fmedia&parent=1682"}],"wp:term":[{"taxonomy":"category","embeddable":true,"href":"https:\/\/parrocchiamoltrasio.it\/sito\/index.php?rest_route=%2Fwp%2Fv2%2Fcategories&post=1682"},{"taxonomy":"post_tag","embeddable":true,"href":"https:\/\/parrocchiamoltrasio.it\/sito\/index.php?rest_route=%2Fwp%2Fv2%2Ftags&post=1682"}],"curies":[{"name":"wp","href":"https:\/\/api.w.org\/{rel}","templated":true}]}}