{"id":2017,"date":"2022-03-01T15:33:00","date_gmt":"2022-03-01T14:33:00","guid":{"rendered":"https:\/\/parrocchiamoltrasio.it\/sito\/?p=2017"},"modified":"2022-04-20T08:46:43","modified_gmt":"2022-04-20T07:46:43","slug":"catechesi-elementari-e-medie-tempo-di-quaresima","status":"publish","type":"post","link":"https:\/\/parrocchiamoltrasio.it\/sito\/?p=2017","title":{"rendered":"Catechesi Elementari e Medie &#8211; Tempo di Quaresima"},"content":{"rendered":"\n<p>La Quaresima \u00e8 il tempo per stare ancora di pi\u00f9 con Ges\u00f9 e lasciarsi amare da lui.<br>Diremo a bambini e ragazzi, di settimana in settimana, che \u00e8 l\u2019amore che riceviamo da Dio \u2013 attraverso Ges\u00f9 \u2013 che colora la nostra vita e le dona una luce nuova, che si vede, si percepisce dai nostri sguardi luminosi e grazie al nostro desiderio di \u00abuscire dal nostro guscio\u00bb per correre incontro agli altri e fare il bene!<br>Sar\u00e0 dunque una Quaresima che ci porter\u00e0 a passare dalla tristezza alla gioia, perch\u00e9 \u00e8 questo il senso del cammino che ci fa accogliere il dono della Pasqua!<\/p>\n\n\n\n<h2 class=\"has-vivid-purple-color has-text-color wp-block-heading\">Itinerario per la Quaresima 2022<\/h2>\n\n\n\n<p><strong>Mercoled\u00ec 2 marzo alle ore 16:15<\/strong><br><em><strong><span style=\"color:#9b51e0\" class=\"tadv-color\">Le Ceneri<\/span><\/strong><\/em><br>Merenda insieme in Oratorio, a seguire CELEBRAZIONE delle S. Ceneri per i bambini, i ragazzi e tutti coloro i quali vorranno fermarsi.<br>N.B. Luned\u00ec 28 febbraio e marted\u00ec 1 marzo il CATECHISMO sar\u00e0 SOSPESO!<br><br><strong>Domenica 6 marzo S.Messa 10:30<\/strong><br><strong><em><span style=\"color:#9b51e0\" class=\"tadv-color\">1^Quaresima<\/span><\/em><\/strong><br>Animazione Classi I e II Elementare<br>Appuntamento alle ore 10.15 in Chiesa per organizzarsi e preparare i canti<\/p>\n\n\n\n<p><strong>Domenica 13 marzo S.Messa 10:30<\/strong><br><strong><em><span style=\"color:#9b51e0\" class=\"tadv-color\">2^Quaresima<\/span><\/em><\/strong><br>Animazione Classe V Elementare<br>Appuntamento alle ore 10.15 in Chiesa per organizzarsi e preparare i canti<\/p>\n\n\n\n<p><strong>Domenica 20 marzo S.Messa 10:30<\/strong><br><strong><em><span style=\"color:#9b51e0\" class=\"tadv-color\">3^Quaresima<\/span><\/em><\/strong><br>Animazione Classe IV Elementare<br>Appuntamento alle ore 10.15 in Chiesa per organizzarsi e preparare i canti<\/p>\n\n\n\n<p><strong>Sabato 26 marzo S.Messa 18:00<\/strong><br><strong><em><span style=\"color:#9b51e0\" class=\"tadv-color\">4^Quaresima<\/span><\/em><\/strong><br>Animazione Classe III Elementare<br>I ragazzi saranno gi\u00e0 in oratorio per ricevere il sacramento della Confessione.<\/p>\n\n\n\n<p><strong>Luned\u00ec 28 marzo ore 16:15<\/strong> <br>VIA CRUCIS ITINERANTE (per le vie del paese) <br>animata dai bambini dei gruppi del catechismo (scuola primaria)<\/p>\n\n\n\n<p><strong>Marted\u00ec 29 marzo ore 16:00<\/strong><br>VIA CRUCIS ITINERANTE (per le vie del paese)<br>animata dai ragazzi di catechismo (scuola media);<\/p>\n\n\n\n<p><strong>Domenica 3 aprile S.Messa 10:30<\/strong><br><strong><em><span style=\"color:#9b51e0\" class=\"tadv-color\">5^Quaresima<\/span><\/em><\/strong><br>Animazione Gruppo delle Medie<br>Appuntamento alle ore 10.15 in Chiesa per organizzarsi e preparare i canti<br><br><strong>Venerd\u00ec 8 aprile ore 20:45<\/strong><br>VIA CRUCIS ITINERANTE (chiesa di Tosnacco &#8211; Via Linera) <br>animata da ragazzi e giovani<\/p>\n\n\n\n<p><strong>Domenica 10 aprile S.Messa 10:30<\/strong><br><strong><em><span style=\"color:#9b51e0\" class=\"tadv-color\">Le Palme<\/span><\/em><\/strong><br>Animazione Gruppo Adolescenti e Giovani<br>Appuntamento alle ore 10.15 in Chiesa per organizzarsi e preparare i canti<br><br><strong>Luned\u00ec 11 aprile dalle ore 16:15<\/strong><br>GIRO DI DISTRUBUZIONE dell\u2019ULIVO agli ANZIANI<br>con i bambini delle classi del catechismo (scuola primaria) <br>merenda insieme, giro anziani, rientro previsto entro le ore 17:30 in oratorio<br><br><strong>Marted\u00ec 12 aprile dalle ore 16:00<\/strong><br>GIRO DI DISTRUBUZIONE dell\u2019ULIVO agli ANZIANI<br>con i bambini delle classi del catechismo (scuole medie) <br>merenda insieme, giro anziani, rientro previsto entro le ore 17:30 in oratorio<\/p>\n\n\n\n<p><strong>Gioved\u00ec 14 aprile <span style=\"color:#9b51e0\" class=\"tadv-color\">Gioved\u00ec Santo <\/span><\/strong><br>Vedere gli orari delle celebrazioni sul calendario liturgico<\/p>\n\n\n\n<p><strong>Venerd\u00ec 15 aprile <span style=\"color:#9b51e0\" class=\"tadv-color\"><strong><span style=\"color:#9b51e0\" class=\"tadv-color\">Venerd\u00ec Santo <\/span><\/strong><\/span><\/strong><br>Vedere gli orari delle celebrazioni sul calendario liturgico<\/p>\n\n\n\n<p><strong>Sabato 16 aprile <span style=\"color:#9b51e0\" class=\"tadv-color\"><strong><span style=\"color:#9b51e0\" class=\"tadv-color\">Sabato Santo <\/span><\/strong><\/span><\/strong><br>Vedere gli orari delle celebrazioni sul calendario liturgico<\/p>\n\n\n\n<p><strong>Domenica 17 aprile <span style=\"color:#9b51e0\" class=\"tadv-color\">Santa Pasqua di Resurrezione <\/span><\/strong><br>Vedere gli orari delle celebrazioni sul calendario liturgico<\/p>\n\n\n\n<h2 class=\"has-vivid-purple-color has-text-color wp-block-heading\">Iniziativa di carit\u00e0<\/h2>\n\n\n\n<p><strong>Aiutiamo il Coordinamento Comasco Minori<\/strong><br>\u201cOltre 30 case dove si accolgono e accompagnano bambini, ragazzi, genitori e figli nel loro percorso di crescita: comunit\u00e0 familiari, comunit\u00e0 per minori e per genitori e figli, alloggi per l\u2019autonomia, condomini solidali.\u201d<br>Questo \u00e8 il nostro Coordinamento Comasco Minori: case per accogliere e per garantire spazi di pensiero per superare le difficolt\u00e0; luoghi di vita per bambini il cui diritto \u00e8 quello di vivere la quotidianit\u00e0 come qualsiasi altro coetaneo.<br>Puoi aiutare anche tu i bambini e ragazzi accolti in queste case a crescere, con un piccolo grande gesto: donare loro ci\u00f2 che serve per vivere la scuola.<\/p>\n\n\n\n<p class=\"has-medium-font-size\"><strong><span style=\"color:#9b51e0\" class=\"tadv-color\">RACCOGLIAMO:<\/span><\/strong><\/p>\n\n\n\n<ul class=\"wp-block-list\"><li>Matite<\/li><li>Penne<\/li><li>Gomme<\/li><li>Temperini<\/li><li>Colla<\/li><li>Forbici<\/li><li>Pennarelli<\/li><li>Quaderni di qualsiasi tipo<\/li><li>Fogli mobili<\/li><li>Quadernoni con anelli<\/li><li>Cartellette<\/li><li>Righelli e Squadre<\/li><li>Goniometri<\/li><li>Compassi<\/li><\/ul>\n\n\n\n<p><strong><span style=\"color:#9b51e0\" class=\"tadv-color\">MODALITA&#8217; DI RITIRO<\/span><\/strong>:<\/p>\n\n\n\n<p>PUOI PORTARE IL TUO DONO DURANTE TUTTO IL PERIODO DELLA QUARESIMA <\/p>\n\n\n\n<ul class=\"wp-block-list\"><li>agli incontri di catechismo<\/li><li>alla messa della domenica nelle ceste che troverai in fondo alla chiesa<\/li><\/ul>\n\n\n\n<div class=\"wp-block-file\"><a id=\"wp-block-file--media-b3abb480-53d1-41a5-b9d0-ce4e9c243aeb\" href=\"https:\/\/parrocchiamoltrasio.it\/sito\/wp-content\/uploads\/2022\/03\/iniziativa-carita-Quaresima-2022.jpg\" target=\"_blank\" rel=\"noreferrer noopener\">Leggi il volantino &#8211; Iniziativa di Carit\u00e0 2022<\/a><a href=\"https:\/\/parrocchiamoltrasio.it\/sito\/wp-content\/uploads\/2022\/03\/iniziativa-carita-Quaresima-2022.jpg\" class=\"wp-block-file__button\" download aria-describedby=\"wp-block-file--media-b3abb480-53d1-41a5-b9d0-ce4e9c243aeb\">Download PDF<\/a><\/div>\n\n\n\n<div class=\"wp-block-file\"><a id=\"wp-block-file--media-9d91bec5-a083-415d-8fc3-d21144b79f43\" href=\"https:\/\/parrocchiamoltrasio.it\/sito\/wp-content\/uploads\/2022\/03\/camminoquaresima22.pdf\" target=\"_blank\" rel=\"noreferrer noopener\">Leggi il volantino &#8211; Cammino Quaresima 2022<\/a><a href=\"https:\/\/parrocchiamoltrasio.it\/sito\/wp-content\/uploads\/2022\/03\/camminoquaresima22.pdf\" class=\"wp-block-file__button\" download aria-describedby=\"wp-block-file--media-9d91bec5-a083-415d-8fc3-d21144b79f43\">Download PDF<\/a><\/div>\n","protected":false},"excerpt":{"rendered":"<p>La Quaresima \u00e8 il tempo per stare ancora di pi\u00f9 con Ges\u00f9 e lasciarsi amare da lui.Diremo a bambini e ragazzi, di settimana in settimana, che \u00e8 l\u2019amore che riceviamo da Dio \u2013 attraverso Ges\u00f9 \u2013 che colora la nostra vita e le dona una luce nuova, che si vede,&#8230;<\/p>\n<p class=\"continue-reading-button\"> <a class=\"continue-reading-link\" href=\"https:\/\/parrocchiamoltrasio.it\/sito\/?p=2017\">Leggi tutto<i class=\"crycon-right-dir\"><\/i><\/a><\/p>\n","protected":false},"author":1,"featured_media":2019,"comment_status":"closed","ping_status":"open","sticky":false,"template":"","format":"standard","meta":{"_EventAllDay":false,"_EventTimezone":"","_EventStartDate":"","_EventEndDate":"","_EventStartDateUTC":"","_EventEndDateUTC":"","_EventShowMap":false,"_EventShowMapLink":false,"_EventURL":"","_EventCost":"","_EventCostDescription":"","_EventCurrencySymbol":"","_EventCurrencyCode":"","_EventCurrencyPosition":"","_EventDateTimeSeparator":"","_EventTimeRangeSeparator":"","_EventOrganizerID":[],"_EventVenueID":[],"_OrganizerEmail":"","_OrganizerPhone":"","_OrganizerWebsite":"","_VenueAddress":"","_VenueCity":"","_VenueCountry":"","_VenueProvince":"","_VenueState":"","_VenueZip":"","_VenuePhone":"","_VenueURL":"","_VenueStateProvince":"","_VenueLat":"","_VenueLng":"","_VenueShowMap":false,"_VenueShowMapLink":false,"_jetpack_memberships_contains_paid_content":false,"footnotes":""},"categories":[14,87,71,2],"tags":[],"class_list":["post-2017","post","type-post","status-publish","format-standard","has-post-thumbnail","hentry","category-catechesi","category-dalla-parrocchia","category-elementari","category-notizie"],"yoast_head":"<!-- This site is optimized with the Yoast SEO plugin v25.0 - https:\/\/yoast.com\/wordpress\/plugins\/seo\/ -->\n<title>Catechesi Elementari e Medie - Tempo di Quaresima -<\/title>\n<meta name=\"robots\" content=\"index, follow, max-snippet:-1, max-image-preview:large, max-video-preview:-1\" \/>\n<link rel=\"canonical\" href=\"https:\/\/parrocchiamoltrasio.it\/sito\/?p=2017\" \/>\n<meta property=\"og:locale\" content=\"it_IT\" \/>\n<meta property=\"og:type\" content=\"article\" \/>\n<meta property=\"og:title\" content=\"Catechesi Elementari e Medie - Tempo di Quaresima -\" \/>\n<meta property=\"og:description\" content=\"La Quaresima \u00e8 il tempo per stare ancora di pi\u00f9 con Ges\u00f9 e lasciarsi amare da lui.Diremo a bambini e ragazzi, di settimana in settimana, che \u00e8 l\u2019amore che riceviamo da Dio \u2013 attraverso Ges\u00f9 \u2013 che colora la nostra vita e le dona una luce nuova, che si vede,... Leggi tutto\" \/>\n<meta property=\"og:url\" content=\"https:\/\/parrocchiamoltrasio.it\/sito\/?p=2017\" \/>\n<meta property=\"article:published_time\" content=\"2022-03-01T14:33:00+00:00\" \/>\n<meta property=\"article:modified_time\" content=\"2022-04-20T07:46:43+00:00\" \/>\n<meta property=\"og:image\" content=\"https:\/\/i0.wp.com\/parrocchiamoltrasio.it\/sito\/wp-content\/uploads\/2022\/03\/iniziativa-carita-Quaresima-2022.jpg?fit=1181%2C1713&ssl=1\" \/>\n\t<meta property=\"og:image:width\" content=\"1181\" \/>\n\t<meta property=\"og:image:height\" content=\"1713\" \/>\n\t<meta property=\"og:image:type\" content=\"image\/jpeg\" \/>\n<meta name=\"author\" content=\"admin\" \/>\n<meta name=\"twitter:card\" content=\"summary_large_image\" \/>\n<meta name=\"twitter:label1\" content=\"Scritto da\" \/>\n\t<meta name=\"twitter:data1\" content=\"admin\" \/>\n\t<meta name=\"twitter:label2\" content=\"Tempo di lettura stimato\" \/>\n\t<meta name=\"twitter:data2\" content=\"3 minuti\" \/>\n<script type=\"application\/ld+json\" class=\"yoast-schema-graph\">{\"@context\":\"https:\/\/schema.org\",\"@graph\":[{\"@type\":\"WebPage\",\"@id\":\"https:\/\/parrocchiamoltrasio.it\/sito\/?p=2017\",\"url\":\"https:\/\/parrocchiamoltrasio.it\/sito\/?p=2017\",\"name\":\"Catechesi Elementari e Medie - Tempo di Quaresima -\",\"isPartOf\":{\"@id\":\"https:\/\/parrocchiamoltrasio.it\/sito\/#website\"},\"primaryImageOfPage\":{\"@id\":\"https:\/\/parrocchiamoltrasio.it\/sito\/?p=2017#primaryimage\"},\"image\":{\"@id\":\"https:\/\/parrocchiamoltrasio.it\/sito\/?p=2017#primaryimage\"},\"thumbnailUrl\":\"https:\/\/i0.wp.com\/parrocchiamoltrasio.it\/sito\/wp-content\/uploads\/2022\/03\/iniziativa-carita-Quaresima-2022.jpg?fit=1181%2C1713&ssl=1\",\"datePublished\":\"2022-03-01T14:33:00+00:00\",\"dateModified\":\"2022-04-20T07:46:43+00:00\",\"author\":{\"@id\":\"https:\/\/parrocchiamoltrasio.it\/sito\/#\/schema\/person\/0bc747236b53a475a8fe5f106ab60cca\"},\"breadcrumb\":{\"@id\":\"https:\/\/parrocchiamoltrasio.it\/sito\/?p=2017#breadcrumb\"},\"inLanguage\":\"it-IT\",\"potentialAction\":[{\"@type\":\"ReadAction\",\"target\":[\"https:\/\/parrocchiamoltrasio.it\/sito\/?p=2017\"]}]},{\"@type\":\"ImageObject\",\"inLanguage\":\"it-IT\",\"@id\":\"https:\/\/parrocchiamoltrasio.it\/sito\/?p=2017#primaryimage\",\"url\":\"https:\/\/i0.wp.com\/parrocchiamoltrasio.it\/sito\/wp-content\/uploads\/2022\/03\/iniziativa-carita-Quaresima-2022.jpg?fit=1181%2C1713&ssl=1\",\"contentUrl\":\"https:\/\/i0.wp.com\/parrocchiamoltrasio.it\/sito\/wp-content\/uploads\/2022\/03\/iniziativa-carita-Quaresima-2022.jpg?fit=1181%2C1713&ssl=1\",\"width\":1181,\"height\":1713},{\"@type\":\"BreadcrumbList\",\"@id\":\"https:\/\/parrocchiamoltrasio.it\/sito\/?p=2017#breadcrumb\",\"itemListElement\":[{\"@type\":\"ListItem\",\"position\":1,\"name\":\"Home\",\"item\":\"https:\/\/parrocchiamoltrasio.it\/sito\"},{\"@type\":\"ListItem\",\"position\":2,\"name\":\"Catechesi Elementari e Medie &#8211; Tempo di Quaresima\"}]},{\"@type\":\"WebSite\",\"@id\":\"https:\/\/parrocchiamoltrasio.it\/sito\/#website\",\"url\":\"https:\/\/parrocchiamoltrasio.it\/sito\/\",\"name\":\"\",\"description\":\"\",\"potentialAction\":[{\"@type\":\"SearchAction\",\"target\":{\"@type\":\"EntryPoint\",\"urlTemplate\":\"https:\/\/parrocchiamoltrasio.it\/sito\/?s={search_term_string}\"},\"query-input\":{\"@type\":\"PropertyValueSpecification\",\"valueRequired\":true,\"valueName\":\"search_term_string\"}}],\"inLanguage\":\"it-IT\"},{\"@type\":\"Person\",\"@id\":\"https:\/\/parrocchiamoltrasio.it\/sito\/#\/schema\/person\/0bc747236b53a475a8fe5f106ab60cca\",\"name\":\"admin\",\"image\":{\"@type\":\"ImageObject\",\"inLanguage\":\"it-IT\",\"@id\":\"https:\/\/parrocchiamoltrasio.it\/sito\/#\/schema\/person\/image\/\",\"url\":\"https:\/\/secure.gravatar.com\/avatar\/7d93eef994802953104735590c7284a6ecf6a5fe12f89df9f74df9746755ac10?s=96&d=mm&r=g\",\"contentUrl\":\"https:\/\/secure.gravatar.com\/avatar\/7d93eef994802953104735590c7284a6ecf6a5fe12f89df9f74df9746755ac10?s=96&d=mm&r=g\",\"caption\":\"admin\"},\"url\":\"https:\/\/parrocchiamoltrasio.it\/sito\/?author=1\"}]}<\/script>\n<!-- \/ Yoast SEO plugin. -->","yoast_head_json":{"title":"Catechesi Elementari e Medie - Tempo di Quaresima -","robots":{"index":"index","follow":"follow","max-snippet":"max-snippet:-1","max-image-preview":"max-image-preview:large","max-video-preview":"max-video-preview:-1"},"canonical":"https:\/\/parrocchiamoltrasio.it\/sito\/?p=2017","og_locale":"it_IT","og_type":"article","og_title":"Catechesi Elementari e Medie - Tempo di Quaresima -","og_description":"La Quaresima \u00e8 il tempo per stare ancora di pi\u00f9 con Ges\u00f9 e lasciarsi amare da lui.Diremo a bambini e ragazzi, di settimana in settimana, che \u00e8 l\u2019amore che riceviamo da Dio \u2013 attraverso Ges\u00f9 \u2013 che colora la nostra vita e le dona una luce nuova, che si vede,... Leggi tutto","og_url":"https:\/\/parrocchiamoltrasio.it\/sito\/?p=2017","article_published_time":"2022-03-01T14:33:00+00:00","article_modified_time":"2022-04-20T07:46:43+00:00","og_image":[{"width":1181,"height":1713,"url":"https:\/\/i0.wp.com\/parrocchiamoltrasio.it\/sito\/wp-content\/uploads\/2022\/03\/iniziativa-carita-Quaresima-2022.jpg?fit=1181%2C1713&ssl=1","type":"image\/jpeg"}],"author":"admin","twitter_card":"summary_large_image","twitter_misc":{"Scritto da":"admin","Tempo di lettura stimato":"3 minuti"},"schema":{"@context":"https:\/\/schema.org","@graph":[{"@type":"WebPage","@id":"https:\/\/parrocchiamoltrasio.it\/sito\/?p=2017","url":"https:\/\/parrocchiamoltrasio.it\/sito\/?p=2017","name":"Catechesi Elementari e Medie - Tempo di Quaresima -","isPartOf":{"@id":"https:\/\/parrocchiamoltrasio.it\/sito\/#website"},"primaryImageOfPage":{"@id":"https:\/\/parrocchiamoltrasio.it\/sito\/?p=2017#primaryimage"},"image":{"@id":"https:\/\/parrocchiamoltrasio.it\/sito\/?p=2017#primaryimage"},"thumbnailUrl":"https:\/\/i0.wp.com\/parrocchiamoltrasio.it\/sito\/wp-content\/uploads\/2022\/03\/iniziativa-carita-Quaresima-2022.jpg?fit=1181%2C1713&ssl=1","datePublished":"2022-03-01T14:33:00+00:00","dateModified":"2022-04-20T07:46:43+00:00","author":{"@id":"https:\/\/parrocchiamoltrasio.it\/sito\/#\/schema\/person\/0bc747236b53a475a8fe5f106ab60cca"},"breadcrumb":{"@id":"https:\/\/parrocchiamoltrasio.it\/sito\/?p=2017#breadcrumb"},"inLanguage":"it-IT","potentialAction":[{"@type":"ReadAction","target":["https:\/\/parrocchiamoltrasio.it\/sito\/?p=2017"]}]},{"@type":"ImageObject","inLanguage":"it-IT","@id":"https:\/\/parrocchiamoltrasio.it\/sito\/?p=2017#primaryimage","url":"https:\/\/i0.wp.com\/parrocchiamoltrasio.it\/sito\/wp-content\/uploads\/2022\/03\/iniziativa-carita-Quaresima-2022.jpg?fit=1181%2C1713&ssl=1","contentUrl":"https:\/\/i0.wp.com\/parrocchiamoltrasio.it\/sito\/wp-content\/uploads\/2022\/03\/iniziativa-carita-Quaresima-2022.jpg?fit=1181%2C1713&ssl=1","width":1181,"height":1713},{"@type":"BreadcrumbList","@id":"https:\/\/parrocchiamoltrasio.it\/sito\/?p=2017#breadcrumb","itemListElement":[{"@type":"ListItem","position":1,"name":"Home","item":"https:\/\/parrocchiamoltrasio.it\/sito"},{"@type":"ListItem","position":2,"name":"Catechesi Elementari e Medie &#8211; Tempo di Quaresima"}]},{"@type":"WebSite","@id":"https:\/\/parrocchiamoltrasio.it\/sito\/#website","url":"https:\/\/parrocchiamoltrasio.it\/sito\/","name":"","description":"","potentialAction":[{"@type":"SearchAction","target":{"@type":"EntryPoint","urlTemplate":"https:\/\/parrocchiamoltrasio.it\/sito\/?s={search_term_string}"},"query-input":{"@type":"PropertyValueSpecification","valueRequired":true,"valueName":"search_term_string"}}],"inLanguage":"it-IT"},{"@type":"Person","@id":"https:\/\/parrocchiamoltrasio.it\/sito\/#\/schema\/person\/0bc747236b53a475a8fe5f106ab60cca","name":"admin","image":{"@type":"ImageObject","inLanguage":"it-IT","@id":"https:\/\/parrocchiamoltrasio.it\/sito\/#\/schema\/person\/image\/","url":"https:\/\/secure.gravatar.com\/avatar\/7d93eef994802953104735590c7284a6ecf6a5fe12f89df9f74df9746755ac10?s=96&d=mm&r=g","contentUrl":"https:\/\/secure.gravatar.com\/avatar\/7d93eef994802953104735590c7284a6ecf6a5fe12f89df9f74df9746755ac10?s=96&d=mm&r=g","caption":"admin"},"url":"https:\/\/parrocchiamoltrasio.it\/sito\/?author=1"}]}},"jetpack_featured_media_url":"https:\/\/i0.wp.com\/parrocchiamoltrasio.it\/sito\/wp-content\/uploads\/2022\/03\/iniziativa-carita-Quaresima-2022.jpg?fit=1181%2C1713&ssl=1","jetpack_sharing_enabled":true,"_links":{"self":[{"href":"https:\/\/parrocchiamoltrasio.it\/sito\/index.php?rest_route=\/wp\/v2\/posts\/2017","targetHints":{"allow":["GET"]}}],"collection":[{"href":"https:\/\/parrocchiamoltrasio.it\/sito\/index.php?rest_route=\/wp\/v2\/posts"}],"about":[{"href":"https:\/\/parrocchiamoltrasio.it\/sito\/index.php?rest_route=\/wp\/v2\/types\/post"}],"author":[{"embeddable":true,"href":"https:\/\/parrocchiamoltrasio.it\/sito\/index.php?rest_route=\/wp\/v2\/users\/1"}],"replies":[{"embeddable":true,"href":"https:\/\/parrocchiamoltrasio.it\/sito\/index.php?rest_route=%2Fwp%2Fv2%2Fcomments&post=2017"}],"version-history":[{"count":7,"href":"https:\/\/parrocchiamoltrasio.it\/sito\/index.php?rest_route=\/wp\/v2\/posts\/2017\/revisions"}],"predecessor-version":[{"id":2028,"href":"https:\/\/parrocchiamoltrasio.it\/sito\/index.php?rest_route=\/wp\/v2\/posts\/2017\/revisions\/2028"}],"wp:featuredmedia":[{"embeddable":true,"href":"https:\/\/parrocchiamoltrasio.it\/sito\/index.php?rest_route=\/wp\/v2\/media\/2019"}],"wp:attachment":[{"href":"https:\/\/parrocchiamoltrasio.it\/sito\/index.php?rest_route=%2Fwp%2Fv2%2Fmedia&parent=2017"}],"wp:term":[{"taxonomy":"category","embeddable":true,"href":"https:\/\/parrocchiamoltrasio.it\/sito\/index.php?rest_route=%2Fwp%2Fv2%2Fcategories&post=2017"},{"taxonomy":"post_tag","embeddable":true,"href":"https:\/\/parrocchiamoltrasio.it\/sito\/index.php?rest_route=%2Fwp%2Fv2%2Ftags&post=2017"}],"curies":[{"name":"wp","href":"https:\/\/api.w.org\/{rel}","templated":true}]}}