{"id":2029,"date":"2022-03-08T17:53:22","date_gmt":"2022-03-08T16:53:22","guid":{"rendered":"https:\/\/parrocchiamoltrasio.it\/sito\/?p=2029"},"modified":"2022-03-08T18:26:44","modified_gmt":"2022-03-08T17:26:44","slug":"bomboniere-della-parrocchia","status":"publish","type":"post","link":"https:\/\/parrocchiamoltrasio.it\/sito\/?p=2029","title":{"rendered":"Bomboniere della parrocchia"},"content":{"rendered":"\n<p>La Parrocchia, tramite un gruppo di parrocchiani, mette a disposizione della comunit\u00e0 la possibilit\u00e0 di ricordare la Prima Comunione e la Cresima, diffondendo un messaggio di solidariet\u00e0 fra i propri familiari, amici e conoscenti. <\/p>\n\n\n\n<p>Il ricavato, al netto dei costi dei materiali, sar\u00e0 interamente devoluto alla Parrocchia per finalizzarne i progetti<\/p>\n\n\n\n<h1 class=\"has-text-align-center wp-block-heading\"><span style=\"color:#00d084\" class=\"tadv-color\">Contatti e modalit\u00e0 ordini<\/span><\/h1>\n\n\n\n<div class=\"wp-block-media-text alignwide is-stacked-on-mobile is-vertically-aligned-center\" style=\"grid-template-columns:41% auto\"><figure class=\"wp-block-media-text__media\"><img data-recalc-dims=\"1\" loading=\"lazy\" decoding=\"async\" width=\"441\" height=\"611\" src=\"https:\/\/i0.wp.com\/parrocchiamoltrasio.it\/sito\/wp-content\/uploads\/2022\/03\/image-4.png?resize=441%2C611&#038;ssl=1\" alt=\"\" class=\"wp-image-2038 size-full\" srcset=\"https:\/\/i0.wp.com\/parrocchiamoltrasio.it\/sito\/wp-content\/uploads\/2022\/03\/image-4.png?w=441&amp;ssl=1 441w, https:\/\/i0.wp.com\/parrocchiamoltrasio.it\/sito\/wp-content\/uploads\/2022\/03\/image-4.png?resize=217%2C300&amp;ssl=1 217w, https:\/\/i0.wp.com\/parrocchiamoltrasio.it\/sito\/wp-content\/uploads\/2022\/03\/image-4.png?resize=108%2C150&amp;ssl=1 108w\" sizes=\"auto, (max-width: 441px) 100vw, 441px\" \/><\/figure><div class=\"wp-block-media-text__content\">\n<h2 class=\"wp-block-heading\">Contattaci<\/h2>\n\n\n\n<p>Telefono:<br>Sabrina 3400702844<br>Bruna&nbsp;&nbsp;&nbsp; 3384270657<br>Fabiola&nbsp; 3339455558<br><br>Posta elettronica: <a href=\"mailto:parrocchia.moltrasio@libero.it\">parrocchia.moltrasio@libero.it<\/a><\/p>\n\n\n\n<h2 class=\"wp-block-heading\">Come ordinare<\/h2>\n\n\n\n<p>Per confermare il tuo ordine compila il form che trovi a questo indirizzo:<\/p>\n\n\n\n<p>COMUNIONE:<br><a rel=\"noreferrer noopener\" href=\"https:\/\/forms.gle\/xRC2ka61JMmfe2Lu7\" target=\"_blank\">https:\/\/forms.gle\/xRC2ka61JMmfe2Lu7<\/a><\/p>\n\n\n\n<p>CRESIMA: <br><a rel=\"noreferrer noopener\" href=\"https:\/\/forms.gle\/BBCv4roNrtUZhFcN6\" target=\"_blank\">https:\/\/forms.gle\/BBCv4roNrtUZhFcN6<\/a><\/p>\n<\/div><\/div>\n\n\n\n<hr class=\"wp-block-separator has-text-color has-background has-vivid-green-cyan-background-color has-vivid-green-cyan-color\"\/>\n\n\n\n<p class=\"has-text-align-center\" style=\"font-size:24px\"><em><span style=\"color:#00d084\" class=\"tadv-color\">\u201cInsieme a te, uniti a te<br>la nostra vita si trasformer\u00e0<br>Insieme a noi, accanto a noi<br>Ti sentiremo ogni giorno Ges\u00f9\u201d<\/span><\/em><\/p>\n\n\n\n<hr class=\"wp-block-separator has-text-color has-background has-vivid-green-cyan-background-color has-vivid-green-cyan-color\"\/>\n\n\n\n<div class=\"wp-block-media-text alignwide is-stacked-on-mobile\" style=\"grid-template-columns:32% auto\"><figure class=\"wp-block-media-text__media\"><img data-recalc-dims=\"1\" loading=\"lazy\" decoding=\"async\" width=\"349\" height=\"462\" src=\"https:\/\/i0.wp.com\/parrocchiamoltrasio.it\/sito\/wp-content\/uploads\/2022\/03\/image-3.png?resize=349%2C462&#038;ssl=1\" alt=\"Esempio foto bomboniera Comunione\" class=\"wp-image-2033 size-full\" srcset=\"https:\/\/i0.wp.com\/parrocchiamoltrasio.it\/sito\/wp-content\/uploads\/2022\/03\/image-3.png?w=349&amp;ssl=1 349w, https:\/\/i0.wp.com\/parrocchiamoltrasio.it\/sito\/wp-content\/uploads\/2022\/03\/image-3.png?resize=227%2C300&amp;ssl=1 227w, https:\/\/i0.wp.com\/parrocchiamoltrasio.it\/sito\/wp-content\/uploads\/2022\/03\/image-3.png?resize=113%2C150&amp;ssl=1 113w\" sizes=\"auto, (max-width: 349px) 100vw, 349px\" \/><\/figure><div class=\"wp-block-media-text__content\">\n<h2 class=\"wp-block-heading\">Santa Prima Comunione<\/h2>\n\n\n\n<p>Questa bomboniera \u00e8 composta da:<br>&#8211; Vasetto in carta<br>&#8211; piantina<br>&#8211; stecco con bambino\/a<br>&#8211; frase<br>&#8211; sacchettino trasparente<\/p>\n<\/div><\/div>\n\n\n\n<div style=\"height:24px\" aria-hidden=\"true\" class=\"wp-block-spacer\"><\/div>\n\n\n\n<div class=\"wp-block-media-text alignwide is-stacked-on-mobile\" style=\"grid-template-columns:32% auto\"><figure class=\"wp-block-media-text__media\"><img data-recalc-dims=\"1\" loading=\"lazy\" decoding=\"async\" width=\"274\" height=\"361\" src=\"https:\/\/i0.wp.com\/parrocchiamoltrasio.it\/sito\/wp-content\/uploads\/2022\/03\/image-2.png?resize=274%2C361&#038;ssl=1\" alt=\"Esempio foto bomboniera Cresima\" class=\"wp-image-2032 size-full\" srcset=\"https:\/\/i0.wp.com\/parrocchiamoltrasio.it\/sito\/wp-content\/uploads\/2022\/03\/image-2.png?w=274&amp;ssl=1 274w, https:\/\/i0.wp.com\/parrocchiamoltrasio.it\/sito\/wp-content\/uploads\/2022\/03\/image-2.png?resize=228%2C300&amp;ssl=1 228w, https:\/\/i0.wp.com\/parrocchiamoltrasio.it\/sito\/wp-content\/uploads\/2022\/03\/image-2.png?resize=114%2C150&amp;ssl=1 114w\" sizes=\"auto, (max-width: 274px) 100vw, 274px\" \/><\/figure><div class=\"wp-block-media-text__content\">\n<h2 class=\"wp-block-heading\">Santa Cresima<\/h2>\n\n\n\n<p>Questa bomboniera \u00e8 composta da:<br>&#8211; sacchettino in carta<br>&#8211; tag con simbolo e frase<br>&#8211; gel profumato \/ sale aromatizzato<\/p>\n<\/div><\/div>\n\n\n\n<p><strong><span style=\"color:#00d084\" class=\"tadv-color\">Scegli le combinazioni che preferisci e indicaci nel form apposito quello che vuoi scritto nella tag.<\/span><\/strong><\/p>\n\n\n\n<p style=\"font-size:15px\">Qualche esempio:<br>&#8211; Santa Cresima Marco 23\/04\/2022<br>&#8211; Lucia ricorda la sua Prima Comunione<br>&#8211; Grazie per essere stato presente alla mia S. Cresima<\/p>\n\n\n\n<p>\u00c8 possibile inserire anche i confetti in ciascuna bomboniera specificandone il quantitativo in fase d\u2019ordine.<br><br>Eventuali personalizzazioni differenti da quelle proposte sono da concordare insieme prima di confermare l\u2019ordine.<\/p>\n\n\n\n<div class=\"wp-block-file\"><a id=\"wp-block-file--media-692aa822-b8c8-4d93-9ebc-b428d3986a52\" href=\"https:\/\/parrocchiamoltrasio.it\/sito\/wp-content\/uploads\/2022\/03\/brochure_bomboniere.pdf\" target=\"_blank\" rel=\"noreferrer noopener\">brochure_bomboniere<\/a><a href=\"https:\/\/parrocchiamoltrasio.it\/sito\/wp-content\/uploads\/2022\/03\/brochure_bomboniere.pdf\" class=\"wp-block-file__button\" download aria-describedby=\"wp-block-file--media-692aa822-b8c8-4d93-9ebc-b428d3986a52\">Download PDF<\/a><\/div>\n\n\n\n<div class=\"wp-block-image is-style-default\"><figure class=\"aligncenter size-full\"><a href=\"https:\/\/i0.wp.com\/parrocchiamoltrasio.it\/sito\/wp-content\/uploads\/2022\/03\/image-5.png?ssl=1\"><img data-recalc-dims=\"1\" loading=\"lazy\" decoding=\"async\" width=\"203\" height=\"218\" src=\"https:\/\/i0.wp.com\/parrocchiamoltrasio.it\/sito\/wp-content\/uploads\/2022\/03\/image-5.png?resize=203%2C218&#038;ssl=1\" alt=\"\" class=\"wp-image-2040\" srcset=\"https:\/\/i0.wp.com\/parrocchiamoltrasio.it\/sito\/wp-content\/uploads\/2022\/03\/image-5.png?w=203&amp;ssl=1 203w, https:\/\/i0.wp.com\/parrocchiamoltrasio.it\/sito\/wp-content\/uploads\/2022\/03\/image-5.png?resize=140%2C150&amp;ssl=1 140w\" sizes=\"auto, (max-width: 203px) 100vw, 203px\" \/><\/a><figcaption>Grazie!<\/figcaption><\/figure><\/div>\n\n\n\n<p><br><\/p>\n\n\n\n<p><br><\/p>\n","protected":false},"excerpt":{"rendered":"<p>La Parrocchia, tramite un gruppo di parrocchiani, mette a disposizione della comunit\u00e0 la possibilit\u00e0 di ricordare la Prima Comunione e la Cresima, diffondendo un messaggio di solidariet\u00e0 fra i propri familiari, amici e conoscenti. Il ricavato, al netto dei costi dei materiali, sar\u00e0 interamente devoluto alla Parrocchia per finalizzarne i&#8230;<\/p>\n<p class=\"continue-reading-button\"> <a class=\"continue-reading-link\" href=\"https:\/\/parrocchiamoltrasio.it\/sito\/?p=2029\">Leggi tutto<i class=\"crycon-right-dir\"><\/i><\/a><\/p>\n","protected":false},"author":1,"featured_media":0,"comment_status":"closed","ping_status":"open","sticky":false,"template":"","format":"standard","meta":{"_EventAllDay":false,"_EventTimezone":"","_EventStartDate":"","_EventEndDate":"","_EventStartDateUTC":"","_EventEndDateUTC":"","_EventShowMap":false,"_EventShowMapLink":false,"_EventURL":"","_EventCost":"","_EventCostDescription":"","_EventCurrencySymbol":"","_EventCurrencyCode":"","_EventCurrencyPosition":"","_EventDateTimeSeparator":"","_EventTimeRangeSeparator":"","_EventOrganizerID":[],"_EventVenueID":[],"_OrganizerEmail":"","_OrganizerPhone":"","_OrganizerWebsite":"","_VenueAddress":"","_VenueCity":"","_VenueCountry":"","_VenueProvince":"","_VenueState":"","_VenueZip":"","_VenuePhone":"","_VenueURL":"","_VenueStateProvince":"","_VenueLat":"","_VenueLng":"","_VenueShowMap":false,"_VenueShowMapLink":false,"_jetpack_memberships_contains_paid_content":false,"footnotes":""},"categories":[14,87,71,2],"tags":[],"class_list":["post-2029","post","type-post","status-publish","format-standard","hentry","category-catechesi","category-dalla-parrocchia","category-elementari","category-notizie"],"yoast_head":"<!-- This site is optimized with the Yoast SEO plugin v25.0 - https:\/\/yoast.com\/wordpress\/plugins\/seo\/ -->\n<title>Bomboniere della parrocchia -<\/title>\n<meta name=\"robots\" content=\"index, follow, max-snippet:-1, max-image-preview:large, max-video-preview:-1\" \/>\n<link rel=\"canonical\" href=\"https:\/\/parrocchiamoltrasio.it\/sito\/?p=2029\" \/>\n<meta property=\"og:locale\" content=\"it_IT\" \/>\n<meta property=\"og:type\" content=\"article\" \/>\n<meta property=\"og:title\" content=\"Bomboniere della parrocchia -\" \/>\n<meta property=\"og:description\" content=\"La Parrocchia, tramite un gruppo di parrocchiani, mette a disposizione della comunit\u00e0 la possibilit\u00e0 di ricordare la Prima Comunione e la Cresima, diffondendo un messaggio di solidariet\u00e0 fra i propri familiari, amici e conoscenti. Il ricavato, al netto dei costi dei materiali, sar\u00e0 interamente devoluto alla Parrocchia per finalizzarne i... Leggi tutto\" \/>\n<meta property=\"og:url\" content=\"https:\/\/parrocchiamoltrasio.it\/sito\/?p=2029\" \/>\n<meta property=\"article:published_time\" content=\"2022-03-08T16:53:22+00:00\" \/>\n<meta property=\"article:modified_time\" content=\"2022-03-08T17:26:44+00:00\" \/>\n<meta property=\"og:image\" content=\"https:\/\/parrocchiamoltrasio.it\/sito\/wp-content\/uploads\/2022\/03\/image-4.png\" \/>\n<meta name=\"author\" content=\"admin\" \/>\n<meta name=\"twitter:card\" content=\"summary_large_image\" \/>\n<meta name=\"twitter:label1\" content=\"Scritto da\" \/>\n\t<meta name=\"twitter:data1\" content=\"admin\" \/>\n\t<meta name=\"twitter:label2\" content=\"Tempo di lettura stimato\" \/>\n\t<meta name=\"twitter:data2\" content=\"1 minuto\" \/>\n<script type=\"application\/ld+json\" class=\"yoast-schema-graph\">{\"@context\":\"https:\/\/schema.org\",\"@graph\":[{\"@type\":\"WebPage\",\"@id\":\"https:\/\/parrocchiamoltrasio.it\/sito\/?p=2029\",\"url\":\"https:\/\/parrocchiamoltrasio.it\/sito\/?p=2029\",\"name\":\"Bomboniere della parrocchia -\",\"isPartOf\":{\"@id\":\"https:\/\/parrocchiamoltrasio.it\/sito\/#website\"},\"primaryImageOfPage\":{\"@id\":\"https:\/\/parrocchiamoltrasio.it\/sito\/?p=2029#primaryimage\"},\"image\":{\"@id\":\"https:\/\/parrocchiamoltrasio.it\/sito\/?p=2029#primaryimage\"},\"thumbnailUrl\":\"https:\/\/parrocchiamoltrasio.it\/sito\/wp-content\/uploads\/2022\/03\/image-4.png\",\"datePublished\":\"2022-03-08T16:53:22+00:00\",\"dateModified\":\"2022-03-08T17:26:44+00:00\",\"author\":{\"@id\":\"https:\/\/parrocchiamoltrasio.it\/sito\/#\/schema\/person\/0bc747236b53a475a8fe5f106ab60cca\"},\"breadcrumb\":{\"@id\":\"https:\/\/parrocchiamoltrasio.it\/sito\/?p=2029#breadcrumb\"},\"inLanguage\":\"it-IT\",\"potentialAction\":[{\"@type\":\"ReadAction\",\"target\":[\"https:\/\/parrocchiamoltrasio.it\/sito\/?p=2029\"]}]},{\"@type\":\"ImageObject\",\"inLanguage\":\"it-IT\",\"@id\":\"https:\/\/parrocchiamoltrasio.it\/sito\/?p=2029#primaryimage\",\"url\":\"https:\/\/i0.wp.com\/parrocchiamoltrasio.it\/sito\/wp-content\/uploads\/2022\/03\/image-4.png?fit=441%2C611&ssl=1\",\"contentUrl\":\"https:\/\/i0.wp.com\/parrocchiamoltrasio.it\/sito\/wp-content\/uploads\/2022\/03\/image-4.png?fit=441%2C611&ssl=1\",\"width\":441,\"height\":611},{\"@type\":\"BreadcrumbList\",\"@id\":\"https:\/\/parrocchiamoltrasio.it\/sito\/?p=2029#breadcrumb\",\"itemListElement\":[{\"@type\":\"ListItem\",\"position\":1,\"name\":\"Home\",\"item\":\"https:\/\/parrocchiamoltrasio.it\/sito\"},{\"@type\":\"ListItem\",\"position\":2,\"name\":\"Bomboniere della parrocchia\"}]},{\"@type\":\"WebSite\",\"@id\":\"https:\/\/parrocchiamoltrasio.it\/sito\/#website\",\"url\":\"https:\/\/parrocchiamoltrasio.it\/sito\/\",\"name\":\"\",\"description\":\"\",\"potentialAction\":[{\"@type\":\"SearchAction\",\"target\":{\"@type\":\"EntryPoint\",\"urlTemplate\":\"https:\/\/parrocchiamoltrasio.it\/sito\/?s={search_term_string}\"},\"query-input\":{\"@type\":\"PropertyValueSpecification\",\"valueRequired\":true,\"valueName\":\"search_term_string\"}}],\"inLanguage\":\"it-IT\"},{\"@type\":\"Person\",\"@id\":\"https:\/\/parrocchiamoltrasio.it\/sito\/#\/schema\/person\/0bc747236b53a475a8fe5f106ab60cca\",\"name\":\"admin\",\"image\":{\"@type\":\"ImageObject\",\"inLanguage\":\"it-IT\",\"@id\":\"https:\/\/parrocchiamoltrasio.it\/sito\/#\/schema\/person\/image\/\",\"url\":\"https:\/\/secure.gravatar.com\/avatar\/7d93eef994802953104735590c7284a6ecf6a5fe12f89df9f74df9746755ac10?s=96&d=mm&r=g\",\"contentUrl\":\"https:\/\/secure.gravatar.com\/avatar\/7d93eef994802953104735590c7284a6ecf6a5fe12f89df9f74df9746755ac10?s=96&d=mm&r=g\",\"caption\":\"admin\"},\"url\":\"https:\/\/parrocchiamoltrasio.it\/sito\/?author=1\"}]}<\/script>\n<!-- \/ Yoast SEO plugin. -->","yoast_head_json":{"title":"Bomboniere della parrocchia -","robots":{"index":"index","follow":"follow","max-snippet":"max-snippet:-1","max-image-preview":"max-image-preview:large","max-video-preview":"max-video-preview:-1"},"canonical":"https:\/\/parrocchiamoltrasio.it\/sito\/?p=2029","og_locale":"it_IT","og_type":"article","og_title":"Bomboniere della parrocchia -","og_description":"La Parrocchia, tramite un gruppo di parrocchiani, mette a disposizione della comunit\u00e0 la possibilit\u00e0 di ricordare la Prima Comunione e la Cresima, diffondendo un messaggio di solidariet\u00e0 fra i propri familiari, amici e conoscenti. Il ricavato, al netto dei costi dei materiali, sar\u00e0 interamente devoluto alla Parrocchia per finalizzarne i... Leggi tutto","og_url":"https:\/\/parrocchiamoltrasio.it\/sito\/?p=2029","article_published_time":"2022-03-08T16:53:22+00:00","article_modified_time":"2022-03-08T17:26:44+00:00","og_image":[{"url":"https:\/\/parrocchiamoltrasio.it\/sito\/wp-content\/uploads\/2022\/03\/image-4.png","type":"","width":"","height":""}],"author":"admin","twitter_card":"summary_large_image","twitter_misc":{"Scritto da":"admin","Tempo di lettura stimato":"1 minuto"},"schema":{"@context":"https:\/\/schema.org","@graph":[{"@type":"WebPage","@id":"https:\/\/parrocchiamoltrasio.it\/sito\/?p=2029","url":"https:\/\/parrocchiamoltrasio.it\/sito\/?p=2029","name":"Bomboniere della parrocchia -","isPartOf":{"@id":"https:\/\/parrocchiamoltrasio.it\/sito\/#website"},"primaryImageOfPage":{"@id":"https:\/\/parrocchiamoltrasio.it\/sito\/?p=2029#primaryimage"},"image":{"@id":"https:\/\/parrocchiamoltrasio.it\/sito\/?p=2029#primaryimage"},"thumbnailUrl":"https:\/\/parrocchiamoltrasio.it\/sito\/wp-content\/uploads\/2022\/03\/image-4.png","datePublished":"2022-03-08T16:53:22+00:00","dateModified":"2022-03-08T17:26:44+00:00","author":{"@id":"https:\/\/parrocchiamoltrasio.it\/sito\/#\/schema\/person\/0bc747236b53a475a8fe5f106ab60cca"},"breadcrumb":{"@id":"https:\/\/parrocchiamoltrasio.it\/sito\/?p=2029#breadcrumb"},"inLanguage":"it-IT","potentialAction":[{"@type":"ReadAction","target":["https:\/\/parrocchiamoltrasio.it\/sito\/?p=2029"]}]},{"@type":"ImageObject","inLanguage":"it-IT","@id":"https:\/\/parrocchiamoltrasio.it\/sito\/?p=2029#primaryimage","url":"https:\/\/i0.wp.com\/parrocchiamoltrasio.it\/sito\/wp-content\/uploads\/2022\/03\/image-4.png?fit=441%2C611&ssl=1","contentUrl":"https:\/\/i0.wp.com\/parrocchiamoltrasio.it\/sito\/wp-content\/uploads\/2022\/03\/image-4.png?fit=441%2C611&ssl=1","width":441,"height":611},{"@type":"BreadcrumbList","@id":"https:\/\/parrocchiamoltrasio.it\/sito\/?p=2029#breadcrumb","itemListElement":[{"@type":"ListItem","position":1,"name":"Home","item":"https:\/\/parrocchiamoltrasio.it\/sito"},{"@type":"ListItem","position":2,"name":"Bomboniere della parrocchia"}]},{"@type":"WebSite","@id":"https:\/\/parrocchiamoltrasio.it\/sito\/#website","url":"https:\/\/parrocchiamoltrasio.it\/sito\/","name":"","description":"","potentialAction":[{"@type":"SearchAction","target":{"@type":"EntryPoint","urlTemplate":"https:\/\/parrocchiamoltrasio.it\/sito\/?s={search_term_string}"},"query-input":{"@type":"PropertyValueSpecification","valueRequired":true,"valueName":"search_term_string"}}],"inLanguage":"it-IT"},{"@type":"Person","@id":"https:\/\/parrocchiamoltrasio.it\/sito\/#\/schema\/person\/0bc747236b53a475a8fe5f106ab60cca","name":"admin","image":{"@type":"ImageObject","inLanguage":"it-IT","@id":"https:\/\/parrocchiamoltrasio.it\/sito\/#\/schema\/person\/image\/","url":"https:\/\/secure.gravatar.com\/avatar\/7d93eef994802953104735590c7284a6ecf6a5fe12f89df9f74df9746755ac10?s=96&d=mm&r=g","contentUrl":"https:\/\/secure.gravatar.com\/avatar\/7d93eef994802953104735590c7284a6ecf6a5fe12f89df9f74df9746755ac10?s=96&d=mm&r=g","caption":"admin"},"url":"https:\/\/parrocchiamoltrasio.it\/sito\/?author=1"}]}},"jetpack_featured_media_url":"","jetpack_sharing_enabled":true,"_links":{"self":[{"href":"https:\/\/parrocchiamoltrasio.it\/sito\/index.php?rest_route=\/wp\/v2\/posts\/2029","targetHints":{"allow":["GET"]}}],"collection":[{"href":"https:\/\/parrocchiamoltrasio.it\/sito\/index.php?rest_route=\/wp\/v2\/posts"}],"about":[{"href":"https:\/\/parrocchiamoltrasio.it\/sito\/index.php?rest_route=\/wp\/v2\/types\/post"}],"author":[{"embeddable":true,"href":"https:\/\/parrocchiamoltrasio.it\/sito\/index.php?rest_route=\/wp\/v2\/users\/1"}],"replies":[{"embeddable":true,"href":"https:\/\/parrocchiamoltrasio.it\/sito\/index.php?rest_route=%2Fwp%2Fv2%2Fcomments&post=2029"}],"version-history":[{"count":11,"href":"https:\/\/parrocchiamoltrasio.it\/sito\/index.php?rest_route=\/wp\/v2\/posts\/2029\/revisions"}],"predecessor-version":[{"id":2049,"href":"https:\/\/parrocchiamoltrasio.it\/sito\/index.php?rest_route=\/wp\/v2\/posts\/2029\/revisions\/2049"}],"wp:attachment":[{"href":"https:\/\/parrocchiamoltrasio.it\/sito\/index.php?rest_route=%2Fwp%2Fv2%2Fmedia&parent=2029"}],"wp:term":[{"taxonomy":"category","embeddable":true,"href":"https:\/\/parrocchiamoltrasio.it\/sito\/index.php?rest_route=%2Fwp%2Fv2%2Fcategories&post=2029"},{"taxonomy":"post_tag","embeddable":true,"href":"https:\/\/parrocchiamoltrasio.it\/sito\/index.php?rest_route=%2Fwp%2Fv2%2Ftags&post=2029"}],"curies":[{"name":"wp","href":"https:\/\/api.w.org\/{rel}","templated":true}]}}