{"id":2114,"date":"2022-04-21T09:00:00","date_gmt":"2022-04-21T08:00:00","guid":{"rendered":"https:\/\/parrocchiamoltrasio.it\/sito\/?p=2114"},"modified":"2022-10-11T21:14:41","modified_gmt":"2022-10-11T20:14:41","slug":"oratorio-estivo-2022","status":"publish","type":"post","link":"https:\/\/parrocchiamoltrasio.it\/sito\/?p=2114","title":{"rendered":"ORATORIO ESTIVO 2022"},"content":{"rendered":"\n<p><strong>PROPOSTA ESTIVA 2022 &#8211; ORATORIO DI MOLTRASIO<\/strong><\/p>\n\n\n\n<p class=\"has-medium-font-size\"><em>\u00abSar\u00e0 un pieno di emozioni tra sole, giochi e canzoni, coi miei friends sar\u00e0 il the best sto Grest! \u00bb<\/em><\/p>\n\n\n\n<p>Mai come quest\u2019anno \u00e8 il caso di dire che l\u2019estate bussa alle porte del nostro cuore!<\/p>\n\n\n\n<p><strong>Batticuore <\/strong>sar\u00e0 lo slogan dell\u2019oratorio estivo, un\u2019estate in esplorazione delle emozioni! <br>Per guardarci dentro e poi dare tutti noi stessi a coloro dei quali siamo chiamati a prenderci cura!<\/p>\n\n\n\n<div class=\"wp-block-media-text alignwide is-stacked-on-mobile is-vertically-aligned-top\" style=\"grid-template-columns:45% auto\"><figure class=\"wp-block-media-text__media\"><img data-recalc-dims=\"1\" loading=\"lazy\" decoding=\"async\" width=\"850\" height=\"998\" src=\"https:\/\/i0.wp.com\/parrocchiamoltrasio.it\/sito\/wp-content\/uploads\/2022\/04\/Logo-Cre-Grest-2022.png?resize=850%2C998&#038;ssl=1\" alt=\"\" class=\"wp-image-2145 size-full\" srcset=\"https:\/\/i0.wp.com\/parrocchiamoltrasio.it\/sito\/wp-content\/uploads\/2022\/04\/Logo-Cre-Grest-2022.png?resize=872%2C1024&amp;ssl=1 872w, https:\/\/i0.wp.com\/parrocchiamoltrasio.it\/sito\/wp-content\/uploads\/2022\/04\/Logo-Cre-Grest-2022.png?resize=255%2C300&amp;ssl=1 255w, https:\/\/i0.wp.com\/parrocchiamoltrasio.it\/sito\/wp-content\/uploads\/2022\/04\/Logo-Cre-Grest-2022.png?resize=768%2C902&amp;ssl=1 768w, https:\/\/i0.wp.com\/parrocchiamoltrasio.it\/sito\/wp-content\/uploads\/2022\/04\/Logo-Cre-Grest-2022.png?resize=1307%2C1536&amp;ssl=1 1307w, https:\/\/i0.wp.com\/parrocchiamoltrasio.it\/sito\/wp-content\/uploads\/2022\/04\/Logo-Cre-Grest-2022.png?resize=1743%2C2048&amp;ssl=1 1743w, https:\/\/i0.wp.com\/parrocchiamoltrasio.it\/sito\/wp-content\/uploads\/2022\/04\/Logo-Cre-Grest-2022.png?resize=128%2C150&amp;ssl=1 128w, https:\/\/i0.wp.com\/parrocchiamoltrasio.it\/sito\/wp-content\/uploads\/2022\/04\/Logo-Cre-Grest-2022.png?w=2550&amp;ssl=1 2550w\" sizes=\"auto, (max-width: 850px) 100vw, 850px\" \/><\/figure><div class=\"wp-block-media-text__content\">\n<p class=\"has-text-align-justify\">Durante il GREST- dove \u00e8 pi\u00f9 evidente, ma pi\u00f9 in generale durante tutte le proposte dell\u2019oratorio &#8211; \u00e8 la comunit\u00e0 che si prende cura di ci\u00f2 che di pi\u00f9 prezioso ha:<strong><em> i bambini, i ragazzi e i giovani.<\/em><\/strong> Senza di loro nulla sarebbe.<br>Le liturgie sono senz\u2019altro importanti, ma una comunit\u00e0 vive se l\u2019oratorio \u00e8 pieno di bambini che lo frequentano, che ne fanno casa, che si emozionano e, perch\u00e9 no, che urlano per tutto il giorno!<\/p>\n\n\n\n<p>E&#8217; giusto quindi che ognuno (grande o piccino) abbia la sua motivazione per esserci!<\/p>\n<\/div><\/div>\n\n\n\n<h2 class=\"wp-block-heading\">il primo passo: VADO<\/h2>\n\n\n\n<p>Il primo passo si compie cos\u00ec: VADO perch\u00e9 c\u2019\u00e8 il mio amico, vado per far vedere quanto sono bravo, vado perch\u00e9 c\u2019\u00e8 la gita che mi piace, vado perch\u00e9 \u201cpiuttosto che stare a casa a far niente\u2026\u201d, ecc. ecc.<\/p>\n\n\n\n<h2 class=\"wp-block-heading\">il secondo passo: RESTO<\/h2>\n\n\n\n<p>Ma il secondo passo \u00e8 sempre: RESTO! Resto perch\u00e9 insieme \u00e8 pi\u00f9 bello, resto perch\u00e9 c\u2019\u00e8 pi\u00f9 gioia nel dare che nel ricevere!!! E quando con gioia si da un pezzo di s\u00e9 (o anche tutto se stesso in mesi cos\u00ec intensi), se ne riceve altrettanta se non di pi\u00f9!!!<\/p>\n\n\n\n<p>E allora buttiamoci a cuore aperto in questa estate che ci aspetta e non vede l\u2019ora di farci girare la testa!<br>Un\u2019estate ricca, e lo sar\u00e0 ancora di pi\u00f9 se ci sarai anche TU!<\/p>\n\n\n\n<p class=\"has-medium-font-size\"><strong><i>\u00abrestiamo insieme, restiamoci ore,<br>che al centro del petto c\u2019\u00e8<br>&#8216;sto BATTICUORE!\u00bb<\/i><\/strong><\/p>\n\n\n\n<h2 class=\"wp-block-heading\">&#8230;e allora:<\/h2>\n\n\n\n<div class=\"wp-block-media-text alignwide is-stacked-on-mobile\" style=\"grid-template-columns:39% auto\"><figure class=\"wp-block-media-text__media\"><img data-recalc-dims=\"1\" loading=\"lazy\" decoding=\"async\" width=\"724\" height=\"1024\" src=\"https:\/\/i0.wp.com\/parrocchiamoltrasio.it\/sito\/wp-content\/uploads\/2022\/04\/volantino-GREST-2022-1.jpg?resize=724%2C1024&#038;ssl=1\" alt=\"\" class=\"wp-image-2178 size-full\" srcset=\"https:\/\/i0.wp.com\/parrocchiamoltrasio.it\/sito\/wp-content\/uploads\/2022\/04\/volantino-GREST-2022-1.jpg?resize=724%2C1024&amp;ssl=1 724w, https:\/\/i0.wp.com\/parrocchiamoltrasio.it\/sito\/wp-content\/uploads\/2022\/04\/volantino-GREST-2022-1.jpg?resize=212%2C300&amp;ssl=1 212w, https:\/\/i0.wp.com\/parrocchiamoltrasio.it\/sito\/wp-content\/uploads\/2022\/04\/volantino-GREST-2022-1.jpg?resize=768%2C1086&amp;ssl=1 768w, https:\/\/i0.wp.com\/parrocchiamoltrasio.it\/sito\/wp-content\/uploads\/2022\/04\/volantino-GREST-2022-1.jpg?resize=1086%2C1536&amp;ssl=1 1086w, https:\/\/i0.wp.com\/parrocchiamoltrasio.it\/sito\/wp-content\/uploads\/2022\/04\/volantino-GREST-2022-1.jpg?resize=106%2C150&amp;ssl=1 106w, https:\/\/i0.wp.com\/parrocchiamoltrasio.it\/sito\/wp-content\/uploads\/2022\/04\/volantino-GREST-2022-1.jpg?w=1240&amp;ssl=1 1240w\" sizes=\"auto, (max-width: 724px) 100vw, 724px\" \/><\/figure><div class=\"wp-block-media-text__content\">\n<p>&#x1f4cc;Sul volantino trovate tutte le proposte per questa estate insieme.<\/p>\n\n\n\n<div class=\"wp-block-file\"><a id=\"wp-block-file--media-92c24120-274b-4a6b-8567-d8bf15987eae\" href=\"https:\/\/parrocchiamoltrasio.it\/sito\/wp-content\/uploads\/2022\/04\/volantino-GREST-2022-1.pdf\" target=\"_blank\" rel=\"noreferrer noopener\">Oratorio estivo &#8211; 2022<\/a><a href=\"https:\/\/parrocchiamoltrasio.it\/sito\/wp-content\/uploads\/2022\/04\/volantino-GREST-2022-1.pdf\" class=\"wp-block-file__button\" download aria-describedby=\"wp-block-file--media-92c24120-274b-4a6b-8567-d8bf15987eae\">Download PDF<\/a><\/div>\n\n\n\n<p>&#x1f4cc; <strong>APPUNTAMENTO<\/strong>:<\/p>\n\n\n\n<p class=\"has-medium-font-size\"><strong><em>Mercoled\u00ec 27 aprile alle ore 20:30 <\/em><\/strong><\/p>\n\n\n\n<p class=\"has-text-align-justify\">Ci troviamo in oratorio per un incontro di progettazione aperto a tutti i genitori, nonni, zii e amici che vogliano mettersi in gioco in prima persona nell\u2019organizzazione delle varie attivit\u00e0: se vuoi offrire la tua disponibilit\u00e0, se hai qualche idea che vorresti condividere, se vuoi impegnarti in una specifica attivit\u00e0, \u2026allora non perdere questo appuntamento!<\/p>\n<\/div><\/div>\n","protected":false},"excerpt":{"rendered":"<p>PROPOSTA ESTIVA 2022 &#8211; ORATORIO DI MOLTRASIO \u00abSar\u00e0 un pieno di emozioni tra sole, giochi e canzoni, coi miei friends sar\u00e0 il the best sto Grest! \u00bb Mai come quest\u2019anno \u00e8 il caso di dire che l\u2019estate bussa alle porte del nostro cuore! Batticuore sar\u00e0 lo slogan dell\u2019oratorio estivo, un\u2019estate&#8230;<\/p>\n<p class=\"continue-reading-button\"> <a class=\"continue-reading-link\" href=\"https:\/\/parrocchiamoltrasio.it\/sito\/?p=2114\">Leggi tutto<i class=\"crycon-right-dir\"><\/i><\/a><\/p>\n","protected":false},"author":1,"featured_media":2145,"comment_status":"closed","ping_status":"open","sticky":false,"template":"","format":"standard","meta":{"_EventAllDay":false,"_EventTimezone":"","_EventStartDate":"","_EventEndDate":"","_EventStartDateUTC":"","_EventEndDateUTC":"","_EventShowMap":false,"_EventShowMapLink":false,"_EventURL":"","_EventCost":"","_EventCostDescription":"","_EventCurrencySymbol":"","_EventCurrencyCode":"","_EventCurrencyPosition":"","_EventDateTimeSeparator":"","_EventTimeRangeSeparator":"","_EventOrganizerID":[],"_EventVenueID":[],"_OrganizerEmail":"","_OrganizerPhone":"","_OrganizerWebsite":"","_VenueAddress":"","_VenueCity":"","_VenueCountry":"","_VenueProvince":"","_VenueState":"","_VenueZip":"","_VenuePhone":"","_VenueURL":"","_VenueStateProvince":"","_VenueLat":"","_VenueLng":"","_VenueShowMap":false,"_VenueShowMapLink":false,"_jetpack_memberships_contains_paid_content":false,"footnotes":""},"categories":[14,87,71,73,89,2,3],"tags":[],"class_list":["post-2114","post","type-post","status-publish","format-standard","has-post-thumbnail","hentry","category-catechesi","category-dalla-parrocchia","category-elementari","category-giovani","category-grest-2022","category-notizie","category-oratorio"],"yoast_head":"<!-- This site is optimized with the Yoast SEO plugin v25.0 - https:\/\/yoast.com\/wordpress\/plugins\/seo\/ -->\n<title>ORATORIO ESTIVO 2022 -<\/title>\n<meta name=\"robots\" content=\"index, follow, max-snippet:-1, max-image-preview:large, max-video-preview:-1\" \/>\n<link rel=\"canonical\" href=\"https:\/\/parrocchiamoltrasio.it\/sito\/?p=2114\" \/>\n<meta property=\"og:locale\" content=\"it_IT\" \/>\n<meta property=\"og:type\" content=\"article\" \/>\n<meta property=\"og:title\" content=\"ORATORIO ESTIVO 2022 -\" \/>\n<meta property=\"og:description\" content=\"PROPOSTA ESTIVA 2022 &#8211; ORATORIO DI MOLTRASIO \u00abSar\u00e0 un pieno di emozioni tra sole, giochi e canzoni, coi miei friends sar\u00e0 il the best sto Grest! \u00bb Mai come quest\u2019anno \u00e8 il caso di dire che l\u2019estate bussa alle porte del nostro cuore! Batticuore sar\u00e0 lo slogan dell\u2019oratorio estivo, un\u2019estate... Leggi tutto\" \/>\n<meta property=\"og:url\" content=\"https:\/\/parrocchiamoltrasio.it\/sito\/?p=2114\" \/>\n<meta property=\"article:published_time\" content=\"2022-04-21T08:00:00+00:00\" \/>\n<meta property=\"article:modified_time\" content=\"2022-10-11T20:14:41+00:00\" \/>\n<meta property=\"og:image\" content=\"https:\/\/i0.wp.com\/parrocchiamoltrasio.it\/sito\/wp-content\/uploads\/2022\/04\/Logo-Cre-Grest-2022.png?fit=2700%2C3172&ssl=1\" \/>\n\t<meta property=\"og:image:width\" content=\"2700\" \/>\n\t<meta property=\"og:image:height\" content=\"3172\" \/>\n\t<meta property=\"og:image:type\" content=\"image\/png\" \/>\n<meta name=\"author\" content=\"admin\" \/>\n<meta name=\"twitter:card\" content=\"summary_large_image\" \/>\n<meta name=\"twitter:label1\" content=\"Scritto da\" \/>\n\t<meta name=\"twitter:data1\" content=\"admin\" \/>\n\t<meta name=\"twitter:label2\" content=\"Tempo di lettura stimato\" \/>\n\t<meta name=\"twitter:data2\" content=\"2 minuti\" \/>\n<script type=\"application\/ld+json\" class=\"yoast-schema-graph\">{\"@context\":\"https:\/\/schema.org\",\"@graph\":[{\"@type\":\"WebPage\",\"@id\":\"https:\/\/parrocchiamoltrasio.it\/sito\/?p=2114\",\"url\":\"https:\/\/parrocchiamoltrasio.it\/sito\/?p=2114\",\"name\":\"ORATORIO ESTIVO 2022 -\",\"isPartOf\":{\"@id\":\"https:\/\/parrocchiamoltrasio.it\/sito\/#website\"},\"primaryImageOfPage\":{\"@id\":\"https:\/\/parrocchiamoltrasio.it\/sito\/?p=2114#primaryimage\"},\"image\":{\"@id\":\"https:\/\/parrocchiamoltrasio.it\/sito\/?p=2114#primaryimage\"},\"thumbnailUrl\":\"https:\/\/i0.wp.com\/parrocchiamoltrasio.it\/sito\/wp-content\/uploads\/2022\/04\/Logo-Cre-Grest-2022.png?fit=2700%2C3172&ssl=1\",\"datePublished\":\"2022-04-21T08:00:00+00:00\",\"dateModified\":\"2022-10-11T20:14:41+00:00\",\"author\":{\"@id\":\"https:\/\/parrocchiamoltrasio.it\/sito\/#\/schema\/person\/0bc747236b53a475a8fe5f106ab60cca\"},\"breadcrumb\":{\"@id\":\"https:\/\/parrocchiamoltrasio.it\/sito\/?p=2114#breadcrumb\"},\"inLanguage\":\"it-IT\",\"potentialAction\":[{\"@type\":\"ReadAction\",\"target\":[\"https:\/\/parrocchiamoltrasio.it\/sito\/?p=2114\"]}]},{\"@type\":\"ImageObject\",\"inLanguage\":\"it-IT\",\"@id\":\"https:\/\/parrocchiamoltrasio.it\/sito\/?p=2114#primaryimage\",\"url\":\"https:\/\/i0.wp.com\/parrocchiamoltrasio.it\/sito\/wp-content\/uploads\/2022\/04\/Logo-Cre-Grest-2022.png?fit=2700%2C3172&ssl=1\",\"contentUrl\":\"https:\/\/i0.wp.com\/parrocchiamoltrasio.it\/sito\/wp-content\/uploads\/2022\/04\/Logo-Cre-Grest-2022.png?fit=2700%2C3172&ssl=1\",\"width\":2700,\"height\":3172},{\"@type\":\"BreadcrumbList\",\"@id\":\"https:\/\/parrocchiamoltrasio.it\/sito\/?p=2114#breadcrumb\",\"itemListElement\":[{\"@type\":\"ListItem\",\"position\":1,\"name\":\"Home\",\"item\":\"https:\/\/parrocchiamoltrasio.it\/sito\"},{\"@type\":\"ListItem\",\"position\":2,\"name\":\"ORATORIO ESTIVO 2022\"}]},{\"@type\":\"WebSite\",\"@id\":\"https:\/\/parrocchiamoltrasio.it\/sito\/#website\",\"url\":\"https:\/\/parrocchiamoltrasio.it\/sito\/\",\"name\":\"\",\"description\":\"\",\"potentialAction\":[{\"@type\":\"SearchAction\",\"target\":{\"@type\":\"EntryPoint\",\"urlTemplate\":\"https:\/\/parrocchiamoltrasio.it\/sito\/?s={search_term_string}\"},\"query-input\":{\"@type\":\"PropertyValueSpecification\",\"valueRequired\":true,\"valueName\":\"search_term_string\"}}],\"inLanguage\":\"it-IT\"},{\"@type\":\"Person\",\"@id\":\"https:\/\/parrocchiamoltrasio.it\/sito\/#\/schema\/person\/0bc747236b53a475a8fe5f106ab60cca\",\"name\":\"admin\",\"image\":{\"@type\":\"ImageObject\",\"inLanguage\":\"it-IT\",\"@id\":\"https:\/\/parrocchiamoltrasio.it\/sito\/#\/schema\/person\/image\/\",\"url\":\"https:\/\/secure.gravatar.com\/avatar\/7d93eef994802953104735590c7284a6ecf6a5fe12f89df9f74df9746755ac10?s=96&d=mm&r=g\",\"contentUrl\":\"https:\/\/secure.gravatar.com\/avatar\/7d93eef994802953104735590c7284a6ecf6a5fe12f89df9f74df9746755ac10?s=96&d=mm&r=g\",\"caption\":\"admin\"},\"url\":\"https:\/\/parrocchiamoltrasio.it\/sito\/?author=1\"}]}<\/script>\n<!-- \/ Yoast SEO plugin. -->","yoast_head_json":{"title":"ORATORIO ESTIVO 2022 -","robots":{"index":"index","follow":"follow","max-snippet":"max-snippet:-1","max-image-preview":"max-image-preview:large","max-video-preview":"max-video-preview:-1"},"canonical":"https:\/\/parrocchiamoltrasio.it\/sito\/?p=2114","og_locale":"it_IT","og_type":"article","og_title":"ORATORIO ESTIVO 2022 -","og_description":"PROPOSTA ESTIVA 2022 &#8211; ORATORIO DI MOLTRASIO \u00abSar\u00e0 un pieno di emozioni tra sole, giochi e canzoni, coi miei friends sar\u00e0 il the best sto Grest! \u00bb Mai come quest\u2019anno \u00e8 il caso di dire che l\u2019estate bussa alle porte del nostro cuore! Batticuore sar\u00e0 lo slogan dell\u2019oratorio estivo, un\u2019estate... Leggi tutto","og_url":"https:\/\/parrocchiamoltrasio.it\/sito\/?p=2114","article_published_time":"2022-04-21T08:00:00+00:00","article_modified_time":"2022-10-11T20:14:41+00:00","og_image":[{"width":2700,"height":3172,"url":"https:\/\/i0.wp.com\/parrocchiamoltrasio.it\/sito\/wp-content\/uploads\/2022\/04\/Logo-Cre-Grest-2022.png?fit=2700%2C3172&ssl=1","type":"image\/png"}],"author":"admin","twitter_card":"summary_large_image","twitter_misc":{"Scritto da":"admin","Tempo di lettura stimato":"2 minuti"},"schema":{"@context":"https:\/\/schema.org","@graph":[{"@type":"WebPage","@id":"https:\/\/parrocchiamoltrasio.it\/sito\/?p=2114","url":"https:\/\/parrocchiamoltrasio.it\/sito\/?p=2114","name":"ORATORIO ESTIVO 2022 -","isPartOf":{"@id":"https:\/\/parrocchiamoltrasio.it\/sito\/#website"},"primaryImageOfPage":{"@id":"https:\/\/parrocchiamoltrasio.it\/sito\/?p=2114#primaryimage"},"image":{"@id":"https:\/\/parrocchiamoltrasio.it\/sito\/?p=2114#primaryimage"},"thumbnailUrl":"https:\/\/i0.wp.com\/parrocchiamoltrasio.it\/sito\/wp-content\/uploads\/2022\/04\/Logo-Cre-Grest-2022.png?fit=2700%2C3172&ssl=1","datePublished":"2022-04-21T08:00:00+00:00","dateModified":"2022-10-11T20:14:41+00:00","author":{"@id":"https:\/\/parrocchiamoltrasio.it\/sito\/#\/schema\/person\/0bc747236b53a475a8fe5f106ab60cca"},"breadcrumb":{"@id":"https:\/\/parrocchiamoltrasio.it\/sito\/?p=2114#breadcrumb"},"inLanguage":"it-IT","potentialAction":[{"@type":"ReadAction","target":["https:\/\/parrocchiamoltrasio.it\/sito\/?p=2114"]}]},{"@type":"ImageObject","inLanguage":"it-IT","@id":"https:\/\/parrocchiamoltrasio.it\/sito\/?p=2114#primaryimage","url":"https:\/\/i0.wp.com\/parrocchiamoltrasio.it\/sito\/wp-content\/uploads\/2022\/04\/Logo-Cre-Grest-2022.png?fit=2700%2C3172&ssl=1","contentUrl":"https:\/\/i0.wp.com\/parrocchiamoltrasio.it\/sito\/wp-content\/uploads\/2022\/04\/Logo-Cre-Grest-2022.png?fit=2700%2C3172&ssl=1","width":2700,"height":3172},{"@type":"BreadcrumbList","@id":"https:\/\/parrocchiamoltrasio.it\/sito\/?p=2114#breadcrumb","itemListElement":[{"@type":"ListItem","position":1,"name":"Home","item":"https:\/\/parrocchiamoltrasio.it\/sito"},{"@type":"ListItem","position":2,"name":"ORATORIO ESTIVO 2022"}]},{"@type":"WebSite","@id":"https:\/\/parrocchiamoltrasio.it\/sito\/#website","url":"https:\/\/parrocchiamoltrasio.it\/sito\/","name":"","description":"","potentialAction":[{"@type":"SearchAction","target":{"@type":"EntryPoint","urlTemplate":"https:\/\/parrocchiamoltrasio.it\/sito\/?s={search_term_string}"},"query-input":{"@type":"PropertyValueSpecification","valueRequired":true,"valueName":"search_term_string"}}],"inLanguage":"it-IT"},{"@type":"Person","@id":"https:\/\/parrocchiamoltrasio.it\/sito\/#\/schema\/person\/0bc747236b53a475a8fe5f106ab60cca","name":"admin","image":{"@type":"ImageObject","inLanguage":"it-IT","@id":"https:\/\/parrocchiamoltrasio.it\/sito\/#\/schema\/person\/image\/","url":"https:\/\/secure.gravatar.com\/avatar\/7d93eef994802953104735590c7284a6ecf6a5fe12f89df9f74df9746755ac10?s=96&d=mm&r=g","contentUrl":"https:\/\/secure.gravatar.com\/avatar\/7d93eef994802953104735590c7284a6ecf6a5fe12f89df9f74df9746755ac10?s=96&d=mm&r=g","caption":"admin"},"url":"https:\/\/parrocchiamoltrasio.it\/sito\/?author=1"}]}},"jetpack_featured_media_url":"https:\/\/i0.wp.com\/parrocchiamoltrasio.it\/sito\/wp-content\/uploads\/2022\/04\/Logo-Cre-Grest-2022.png?fit=2700%2C3172&ssl=1","jetpack_sharing_enabled":true,"_links":{"self":[{"href":"https:\/\/parrocchiamoltrasio.it\/sito\/index.php?rest_route=\/wp\/v2\/posts\/2114","targetHints":{"allow":["GET"]}}],"collection":[{"href":"https:\/\/parrocchiamoltrasio.it\/sito\/index.php?rest_route=\/wp\/v2\/posts"}],"about":[{"href":"https:\/\/parrocchiamoltrasio.it\/sito\/index.php?rest_route=\/wp\/v2\/types\/post"}],"author":[{"embeddable":true,"href":"https:\/\/parrocchiamoltrasio.it\/sito\/index.php?rest_route=\/wp\/v2\/users\/1"}],"replies":[{"embeddable":true,"href":"https:\/\/parrocchiamoltrasio.it\/sito\/index.php?rest_route=%2Fwp%2Fv2%2Fcomments&post=2114"}],"version-history":[{"count":18,"href":"https:\/\/parrocchiamoltrasio.it\/sito\/index.php?rest_route=\/wp\/v2\/posts\/2114\/revisions"}],"predecessor-version":[{"id":2179,"href":"https:\/\/parrocchiamoltrasio.it\/sito\/index.php?rest_route=\/wp\/v2\/posts\/2114\/revisions\/2179"}],"wp:featuredmedia":[{"embeddable":true,"href":"https:\/\/parrocchiamoltrasio.it\/sito\/index.php?rest_route=\/wp\/v2\/media\/2145"}],"wp:attachment":[{"href":"https:\/\/parrocchiamoltrasio.it\/sito\/index.php?rest_route=%2Fwp%2Fv2%2Fmedia&parent=2114"}],"wp:term":[{"taxonomy":"category","embeddable":true,"href":"https:\/\/parrocchiamoltrasio.it\/sito\/index.php?rest_route=%2Fwp%2Fv2%2Fcategories&post=2114"},{"taxonomy":"post_tag","embeddable":true,"href":"https:\/\/parrocchiamoltrasio.it\/sito\/index.php?rest_route=%2Fwp%2Fv2%2Ftags&post=2114"}],"curies":[{"name":"wp","href":"https:\/\/api.w.org\/{rel}","templated":true}]}}