{"id":697,"date":"2020-12-16T16:25:00","date_gmt":"2020-12-16T15:25:00","guid":{"rendered":"https:\/\/parrocchiamoltrasio.it\/sito\/?p=697"},"modified":"2020-12-31T09:06:09","modified_gmt":"2020-12-31T08:06:09","slug":"novena-2020","status":"publish","type":"post","link":"https:\/\/parrocchiamoltrasio.it\/sito\/?p=697","title":{"rendered":"Novena 2020"},"content":{"rendered":"\n<h4 class=\"wp-block-heading\"><strong>Accorciamo le distanze!<\/strong><\/h4>\n\n\n\n<p>Un caro saluto a tutti voi! Bambini, ragazzi, genitori e nonni! <\/p>\n\n\n\n<p>Ci auguriamo che stiate tutti bene!<\/p>\n\n\n\n<p>Oggi, mercoled\u00ec 16 dicembre,<strong> INIZIA LA NOVENA DI NATALE<\/strong>! <br>Non potevamo certo perdere questo evento cos\u00ec importante anche se non \u00e8 ancora possibile incontrarsi di persona!<\/p>\n\n\n\n<p>Abbiamo pensato di darvi questo appuntamento: ogni giorno alle ore 16:30 vi manderemo un link per vivere insieme questa \u201cnuova\u201d Novena.<\/p>\n\n\n\n<p><strong><em>Se guardiamo insieme la stessa cosa,  non siamo pi\u00f9 cos\u00ec lontani!<\/em><\/strong><\/p>\n\n\n\n<h4 class=\"has-vivid-red-color has-text-color wp-block-heading\">Appuntamento:<\/h4>\n\n\n\n<p class=\"has-white-color has-vivid-red-background-color has-text-color has-background\">Dal 16 al 24 Dicembre<br>Ogni pomeriggio alle ore 16:30<br>Cliccate su il link che riceverete via Whatsapp e partecipate in diretta!<br>(Se siete iscritti al canale youtube dell&#8217;oratorio, riceverete la notifica)<br>Il link rester\u00e0 attivo sempre, e potrete partecipare alla Novena quando siete pi\u00f9 comodi!<\/p>\n\n\n\n<p><strong>A presto e buona Novena di Natale<\/strong><\/p>\n\n\n\n<hr class=\"wp-block-separator has-text-color has-background has-vivid-red-background-color has-vivid-red-color\"\/>\n\n\n\n<p><\/p>\n\n\n\n<p><a href=\"https:\/\/parrocchiamoltrasio.it\/sito\/?p=700\" data-type=\"post\" data-id=\"700\">CLICCA QUI PER VEDERE GLI EPISODI DELLA NOVENA<\/a><\/p>\n\n\n\n<hr class=\"wp-block-separator has-text-color has-background has-vivid-red-background-color has-vivid-red-color\"\/>\n\n\n\n<p><\/p>\n","protected":false},"excerpt":{"rendered":"<p>Accorciamo le distanze! Un caro saluto a tutti voi! Bambini, ragazzi, genitori e nonni! Ci auguriamo che stiate tutti bene! Oggi, mercoled\u00ec 16 dicembre, INIZIA LA NOVENA DI NATALE! Non potevamo certo perdere questo evento cos\u00ec importante anche se non \u00e8 ancora possibile incontrarsi di persona! Abbiamo pensato di darvi&#8230;<\/p>\n<p class=\"continue-reading-button\"> <a class=\"continue-reading-link\" href=\"https:\/\/parrocchiamoltrasio.it\/sito\/?p=697\">Leggi tutto<i class=\"crycon-right-dir\"><\/i><\/a><\/p>\n","protected":false},"author":1,"featured_media":0,"comment_status":"closed","ping_status":"open","sticky":false,"template":"","format":"standard","meta":{"_EventAllDay":false,"_EventTimezone":"","_EventStartDate":"","_EventEndDate":"","_EventStartDateUTC":"","_EventEndDateUTC":"","_EventShowMap":false,"_EventShowMapLink":false,"_EventURL":"","_EventCost":"","_EventCostDescription":"","_EventCurrencySymbol":"","_EventCurrencyCode":"","_EventCurrencyPosition":"","_EventDateTimeSeparator":"","_EventTimeRangeSeparator":"","_EventOrganizerID":[],"_EventVenueID":[],"_OrganizerEmail":"","_OrganizerPhone":"","_OrganizerWebsite":"","_VenueAddress":"","_VenueCity":"","_VenueCountry":"","_VenueProvince":"","_VenueState":"","_VenueZip":"","_VenuePhone":"","_VenueURL":"","_VenueStateProvince":"","_VenueLat":"","_VenueLng":"","_VenueShowMap":false,"_VenueShowMapLink":false,"_jetpack_memberships_contains_paid_content":false,"footnotes":""},"categories":[14,71,73,2,3],"tags":[],"class_list":["post-697","post","type-post","status-publish","format-standard","hentry","category-catechesi","category-elementari","category-giovani","category-notizie","category-oratorio"],"yoast_head":"<!-- This site is optimized with the Yoast SEO plugin v25.0 - https:\/\/yoast.com\/wordpress\/plugins\/seo\/ -->\n<title>Novena 2020 -<\/title>\n<meta name=\"robots\" content=\"index, follow, max-snippet:-1, max-image-preview:large, max-video-preview:-1\" \/>\n<link rel=\"canonical\" href=\"https:\/\/parrocchiamoltrasio.it\/sito\/?p=697\" \/>\n<meta property=\"og:locale\" content=\"it_IT\" \/>\n<meta property=\"og:type\" content=\"article\" \/>\n<meta property=\"og:title\" content=\"Novena 2020 -\" \/>\n<meta property=\"og:description\" content=\"Accorciamo le distanze! Un caro saluto a tutti voi! Bambini, ragazzi, genitori e nonni! Ci auguriamo che stiate tutti bene! Oggi, mercoled\u00ec 16 dicembre, INIZIA LA NOVENA DI NATALE! Non potevamo certo perdere questo evento cos\u00ec importante anche se non \u00e8 ancora possibile incontrarsi di persona! Abbiamo pensato di darvi... Leggi tutto\" \/>\n<meta property=\"og:url\" content=\"https:\/\/parrocchiamoltrasio.it\/sito\/?p=697\" \/>\n<meta property=\"article:published_time\" content=\"2020-12-16T15:25:00+00:00\" \/>\n<meta property=\"article:modified_time\" content=\"2020-12-31T08:06:09+00:00\" \/>\n<meta name=\"author\" content=\"admin\" \/>\n<meta name=\"twitter:card\" content=\"summary_large_image\" \/>\n<meta name=\"twitter:label1\" content=\"Scritto da\" \/>\n\t<meta name=\"twitter:data1\" content=\"admin\" \/>\n\t<meta name=\"twitter:label2\" content=\"Tempo di lettura stimato\" \/>\n\t<meta name=\"twitter:data2\" content=\"1 minuto\" \/>\n<script type=\"application\/ld+json\" class=\"yoast-schema-graph\">{\"@context\":\"https:\/\/schema.org\",\"@graph\":[{\"@type\":\"WebPage\",\"@id\":\"https:\/\/parrocchiamoltrasio.it\/sito\/?p=697\",\"url\":\"https:\/\/parrocchiamoltrasio.it\/sito\/?p=697\",\"name\":\"Novena 2020 -\",\"isPartOf\":{\"@id\":\"https:\/\/parrocchiamoltrasio.it\/sito\/#website\"},\"datePublished\":\"2020-12-16T15:25:00+00:00\",\"dateModified\":\"2020-12-31T08:06:09+00:00\",\"author\":{\"@id\":\"https:\/\/parrocchiamoltrasio.it\/sito\/#\/schema\/person\/0bc747236b53a475a8fe5f106ab60cca\"},\"breadcrumb\":{\"@id\":\"https:\/\/parrocchiamoltrasio.it\/sito\/?p=697#breadcrumb\"},\"inLanguage\":\"it-IT\",\"potentialAction\":[{\"@type\":\"ReadAction\",\"target\":[\"https:\/\/parrocchiamoltrasio.it\/sito\/?p=697\"]}]},{\"@type\":\"BreadcrumbList\",\"@id\":\"https:\/\/parrocchiamoltrasio.it\/sito\/?p=697#breadcrumb\",\"itemListElement\":[{\"@type\":\"ListItem\",\"position\":1,\"name\":\"Home\",\"item\":\"https:\/\/parrocchiamoltrasio.it\/sito\"},{\"@type\":\"ListItem\",\"position\":2,\"name\":\"Novena 2020\"}]},{\"@type\":\"WebSite\",\"@id\":\"https:\/\/parrocchiamoltrasio.it\/sito\/#website\",\"url\":\"https:\/\/parrocchiamoltrasio.it\/sito\/\",\"name\":\"\",\"description\":\"\",\"potentialAction\":[{\"@type\":\"SearchAction\",\"target\":{\"@type\":\"EntryPoint\",\"urlTemplate\":\"https:\/\/parrocchiamoltrasio.it\/sito\/?s={search_term_string}\"},\"query-input\":{\"@type\":\"PropertyValueSpecification\",\"valueRequired\":true,\"valueName\":\"search_term_string\"}}],\"inLanguage\":\"it-IT\"},{\"@type\":\"Person\",\"@id\":\"https:\/\/parrocchiamoltrasio.it\/sito\/#\/schema\/person\/0bc747236b53a475a8fe5f106ab60cca\",\"name\":\"admin\",\"image\":{\"@type\":\"ImageObject\",\"inLanguage\":\"it-IT\",\"@id\":\"https:\/\/parrocchiamoltrasio.it\/sito\/#\/schema\/person\/image\/\",\"url\":\"https:\/\/secure.gravatar.com\/avatar\/7d93eef994802953104735590c7284a6ecf6a5fe12f89df9f74df9746755ac10?s=96&d=mm&r=g\",\"contentUrl\":\"https:\/\/secure.gravatar.com\/avatar\/7d93eef994802953104735590c7284a6ecf6a5fe12f89df9f74df9746755ac10?s=96&d=mm&r=g\",\"caption\":\"admin\"},\"url\":\"https:\/\/parrocchiamoltrasio.it\/sito\/?author=1\"}]}<\/script>\n<!-- \/ Yoast SEO plugin. -->","yoast_head_json":{"title":"Novena 2020 -","robots":{"index":"index","follow":"follow","max-snippet":"max-snippet:-1","max-image-preview":"max-image-preview:large","max-video-preview":"max-video-preview:-1"},"canonical":"https:\/\/parrocchiamoltrasio.it\/sito\/?p=697","og_locale":"it_IT","og_type":"article","og_title":"Novena 2020 -","og_description":"Accorciamo le distanze! Un caro saluto a tutti voi! Bambini, ragazzi, genitori e nonni! Ci auguriamo che stiate tutti bene! Oggi, mercoled\u00ec 16 dicembre, INIZIA LA NOVENA DI NATALE! Non potevamo certo perdere questo evento cos\u00ec importante anche se non \u00e8 ancora possibile incontrarsi di persona! Abbiamo pensato di darvi... Leggi tutto","og_url":"https:\/\/parrocchiamoltrasio.it\/sito\/?p=697","article_published_time":"2020-12-16T15:25:00+00:00","article_modified_time":"2020-12-31T08:06:09+00:00","author":"admin","twitter_card":"summary_large_image","twitter_misc":{"Scritto da":"admin","Tempo di lettura stimato":"1 minuto"},"schema":{"@context":"https:\/\/schema.org","@graph":[{"@type":"WebPage","@id":"https:\/\/parrocchiamoltrasio.it\/sito\/?p=697","url":"https:\/\/parrocchiamoltrasio.it\/sito\/?p=697","name":"Novena 2020 -","isPartOf":{"@id":"https:\/\/parrocchiamoltrasio.it\/sito\/#website"},"datePublished":"2020-12-16T15:25:00+00:00","dateModified":"2020-12-31T08:06:09+00:00","author":{"@id":"https:\/\/parrocchiamoltrasio.it\/sito\/#\/schema\/person\/0bc747236b53a475a8fe5f106ab60cca"},"breadcrumb":{"@id":"https:\/\/parrocchiamoltrasio.it\/sito\/?p=697#breadcrumb"},"inLanguage":"it-IT","potentialAction":[{"@type":"ReadAction","target":["https:\/\/parrocchiamoltrasio.it\/sito\/?p=697"]}]},{"@type":"BreadcrumbList","@id":"https:\/\/parrocchiamoltrasio.it\/sito\/?p=697#breadcrumb","itemListElement":[{"@type":"ListItem","position":1,"name":"Home","item":"https:\/\/parrocchiamoltrasio.it\/sito"},{"@type":"ListItem","position":2,"name":"Novena 2020"}]},{"@type":"WebSite","@id":"https:\/\/parrocchiamoltrasio.it\/sito\/#website","url":"https:\/\/parrocchiamoltrasio.it\/sito\/","name":"","description":"","potentialAction":[{"@type":"SearchAction","target":{"@type":"EntryPoint","urlTemplate":"https:\/\/parrocchiamoltrasio.it\/sito\/?s={search_term_string}"},"query-input":{"@type":"PropertyValueSpecification","valueRequired":true,"valueName":"search_term_string"}}],"inLanguage":"it-IT"},{"@type":"Person","@id":"https:\/\/parrocchiamoltrasio.it\/sito\/#\/schema\/person\/0bc747236b53a475a8fe5f106ab60cca","name":"admin","image":{"@type":"ImageObject","inLanguage":"it-IT","@id":"https:\/\/parrocchiamoltrasio.it\/sito\/#\/schema\/person\/image\/","url":"https:\/\/secure.gravatar.com\/avatar\/7d93eef994802953104735590c7284a6ecf6a5fe12f89df9f74df9746755ac10?s=96&d=mm&r=g","contentUrl":"https:\/\/secure.gravatar.com\/avatar\/7d93eef994802953104735590c7284a6ecf6a5fe12f89df9f74df9746755ac10?s=96&d=mm&r=g","caption":"admin"},"url":"https:\/\/parrocchiamoltrasio.it\/sito\/?author=1"}]}},"jetpack_featured_media_url":"","jetpack_sharing_enabled":true,"_links":{"self":[{"href":"https:\/\/parrocchiamoltrasio.it\/sito\/index.php?rest_route=\/wp\/v2\/posts\/697","targetHints":{"allow":["GET"]}}],"collection":[{"href":"https:\/\/parrocchiamoltrasio.it\/sito\/index.php?rest_route=\/wp\/v2\/posts"}],"about":[{"href":"https:\/\/parrocchiamoltrasio.it\/sito\/index.php?rest_route=\/wp\/v2\/types\/post"}],"author":[{"embeddable":true,"href":"https:\/\/parrocchiamoltrasio.it\/sito\/index.php?rest_route=\/wp\/v2\/users\/1"}],"replies":[{"embeddable":true,"href":"https:\/\/parrocchiamoltrasio.it\/sito\/index.php?rest_route=%2Fwp%2Fv2%2Fcomments&post=697"}],"version-history":[{"count":8,"href":"https:\/\/parrocchiamoltrasio.it\/sito\/index.php?rest_route=\/wp\/v2\/posts\/697\/revisions"}],"predecessor-version":[{"id":762,"href":"https:\/\/parrocchiamoltrasio.it\/sito\/index.php?rest_route=\/wp\/v2\/posts\/697\/revisions\/762"}],"wp:attachment":[{"href":"https:\/\/parrocchiamoltrasio.it\/sito\/index.php?rest_route=%2Fwp%2Fv2%2Fmedia&parent=697"}],"wp:term":[{"taxonomy":"category","embeddable":true,"href":"https:\/\/parrocchiamoltrasio.it\/sito\/index.php?rest_route=%2Fwp%2Fv2%2Fcategories&post=697"},{"taxonomy":"post_tag","embeddable":true,"href":"https:\/\/parrocchiamoltrasio.it\/sito\/index.php?rest_route=%2Fwp%2Fv2%2Ftags&post=697"}],"curies":[{"name":"wp","href":"https:\/\/api.w.org\/{rel}","templated":true}]}}