{"id":828,"date":"2021-01-25T12:17:21","date_gmt":"2021-01-25T11:17:21","guid":{"rendered":"https:\/\/parrocchiamoltrasio.it\/sito\/?p=828"},"modified":"2021-02-09T10:22:16","modified_gmt":"2021-02-09T09:22:16","slug":"festa-di-don-bosco","status":"publish","type":"post","link":"https:\/\/parrocchiamoltrasio.it\/sito\/?p=828","title":{"rendered":"FESTA DI DON BOSCO"},"content":{"rendered":"\n<p class=\"has-text-align-center\"><strong>La giornata del 31 gennaio, \u00e8 dedicata a San Giovanni Bosco.<\/strong><\/p>\n\n\n\n<div class=\"wp-block-media-text alignwide is-stacked-on-mobile\"><figure class=\"wp-block-media-text__media\"><img data-recalc-dims=\"1\" loading=\"lazy\" decoding=\"async\" width=\"656\" height=\"492\" src=\"https:\/\/i0.wp.com\/parrocchiamoltrasio.it\/sito\/wp-content\/uploads\/2021\/01\/don-bosco.jpeg?resize=656%2C492&#038;ssl=1\" alt=\"\" class=\"wp-image-840 size-full\" srcset=\"https:\/\/i0.wp.com\/parrocchiamoltrasio.it\/sito\/wp-content\/uploads\/2021\/01\/don-bosco.jpeg?w=656&amp;ssl=1 656w, https:\/\/i0.wp.com\/parrocchiamoltrasio.it\/sito\/wp-content\/uploads\/2021\/01\/don-bosco.jpeg?resize=300%2C225&amp;ssl=1 300w, https:\/\/i0.wp.com\/parrocchiamoltrasio.it\/sito\/wp-content\/uploads\/2021\/01\/don-bosco.jpeg?resize=150%2C113&amp;ssl=1 150w\" sizes=\"auto, (max-width: 656px) 100vw, 656px\" \/><\/figure><div class=\"wp-block-media-text__content\">\n<p><\/p>\n\n\n\n<p class=\"has-background\" style=\"background-color:#97d8f3\">Nelle comunit\u00e0 salesiane, nelle scuole, negli oratori, questa festa \u00e8 sempre l\u2019occasione per gioire, per esprimere gratitudine a Dio per il carisma che don Bosco ha saputo trasmettere ai giovani!<br><br>Ci sono ancora parecchie restrizioni che ci impediscono di festeggiarlo tutti insieme nel nostro oratorio, ma abbiamo pensato a diversi modi per ricordarlo anche se &#8220;a distanza&#8221;<\/p>\n<\/div><\/div>\n\n\n\n<p><em>Prima guardate questo video che vi aiuter\u00e0 a ricordarlo e a conoscerlo un po&#8217; meglio<\/em><\/p>\n\n\n\n<figure class=\"wp-block-embed is-type-video is-provider-youtube wp-block-embed-youtube wp-embed-aspect-4-3 wp-has-aspect-ratio\"><div class=\"wp-block-embed__wrapper\">\n<iframe loading=\"lazy\" title=\"San Giovanni Bosco\" width=\"850\" height=\"638\" src=\"https:\/\/www.youtube.com\/embed\/hn4XnwwSGwY?feature=oembed\" frameborder=\"0\" allow=\"accelerometer; autoplay; clipboard-write; encrypted-media; gyroscope; picture-in-picture\" allowfullscreen><\/iframe>\n<\/div><\/figure>\n\n\n\n<p><strong>Ed ora che abbiamo rinfrescato la memoria, siamo pronti a giocare!<br>Nei due file che seguono ci sono dei quiz su Don Bosco e un gioco dell&#8217;oca da fare in famiglia. <\/strong><\/p>\n\n\n\n<p><strong><span style=\"color:#cf2e2e\" class=\"tadv-color\">Buon divertimento!<\/span><\/strong><\/p>\n\n\n\n<div class=\"wp-block-file\"><a href=\"https:\/\/parrocchiamoltrasio.it\/sito\/wp-content\/uploads\/2021\/01\/giochiDB.pdf\">Giochi e quiz su Don Bosco<\/a><a href=\"https:\/\/parrocchiamoltrasio.it\/sito\/wp-content\/uploads\/2021\/01\/giochiDB.pdf\" class=\"wp-block-file__button\" download>Download<\/a><\/div>\n\n\n\n<div class=\"wp-block-file\"><a href=\"https:\/\/parrocchiamoltrasio.it\/sito\/wp-content\/uploads\/2021\/01\/Gioco-delloca-di-don-Bosco.pdf\">Gioco dell&#8217;oca di Don Bosco<\/a><a href=\"https:\/\/parrocchiamoltrasio.it\/sito\/wp-content\/uploads\/2021\/01\/Gioco-delloca-di-don-Bosco.pdf\" class=\"wp-block-file__button\" download>Download<\/a><\/div>\n\n\n\n<hr class=\"wp-block-separator\"\/>\n\n\n\n<p>La santa messa di domenica 31 gennaio \u00e8 pensata per tutti i bambini e i ragazzi del nostro oratorio, li aspettiamo intorno alle 10.15 per organizzare meglio la partecipazione alla messa.<\/p>\n\n\n\n<p>Per tutti coloro che non riusciranno a partecipare, la messa sar\u00e0 trasmessa in diretta streaming sul canale YouTube della parrocchia.<\/p>\n\n\n\n<div class=\"wp-block-image\"><figure class=\"alignleft size-large is-resized\"><a href=\"https:\/\/i0.wp.com\/parrocchiamoltrasio.it\/sito\/wp-content\/uploads\/2021\/01\/WhatsApp-Image-2021-01-22-at-10.24.08-1.jpeg?ssl=1\"><img data-recalc-dims=\"1\" loading=\"lazy\" decoding=\"async\" src=\"https:\/\/i0.wp.com\/parrocchiamoltrasio.it\/sito\/wp-content\/uploads\/2021\/01\/WhatsApp-Image-2021-01-22-at-10.24.08-1.jpeg?resize=408%2C517&#038;ssl=1\" alt=\"\" class=\"wp-image-835\" width=\"408\" height=\"517\" srcset=\"https:\/\/i0.wp.com\/parrocchiamoltrasio.it\/sito\/wp-content\/uploads\/2021\/01\/WhatsApp-Image-2021-01-22-at-10.24.08-1.jpeg?resize=806%2C1024&amp;ssl=1 806w, https:\/\/i0.wp.com\/parrocchiamoltrasio.it\/sito\/wp-content\/uploads\/2021\/01\/WhatsApp-Image-2021-01-22-at-10.24.08-1.jpeg?resize=236%2C300&amp;ssl=1 236w, https:\/\/i0.wp.com\/parrocchiamoltrasio.it\/sito\/wp-content\/uploads\/2021\/01\/WhatsApp-Image-2021-01-22-at-10.24.08-1.jpeg?resize=768%2C975&amp;ssl=1 768w, https:\/\/i0.wp.com\/parrocchiamoltrasio.it\/sito\/wp-content\/uploads\/2021\/01\/WhatsApp-Image-2021-01-22-at-10.24.08-1.jpeg?resize=118%2C150&amp;ssl=1 118w, https:\/\/i0.wp.com\/parrocchiamoltrasio.it\/sito\/wp-content\/uploads\/2021\/01\/WhatsApp-Image-2021-01-22-at-10.24.08-1.jpeg?w=1059&amp;ssl=1 1059w\" sizes=\"auto, (max-width: 408px) 100vw, 408px\" \/><\/a><\/figure><\/div>\n\n\n\n<p><\/p>\n","protected":false},"excerpt":{"rendered":"<p>La giornata del 31 gennaio, \u00e8 dedicata a San Giovanni Bosco. Nelle comunit\u00e0 salesiane, nelle scuole, negli oratori, questa festa \u00e8 sempre l\u2019occasione per gioire, per esprimere gratitudine a Dio per il carisma che don Bosco ha saputo trasmettere ai giovani! Ci sono ancora parecchie restrizioni che ci impediscono di&#8230;<\/p>\n<p class=\"continue-reading-button\"> <a class=\"continue-reading-link\" href=\"https:\/\/parrocchiamoltrasio.it\/sito\/?p=828\">Leggi tutto<i class=\"crycon-right-dir\"><\/i><\/a><\/p>\n","protected":false},"author":1,"featured_media":832,"comment_status":"closed","ping_status":"open","sticky":false,"template":"","format":"standard","meta":{"_EventAllDay":false,"_EventTimezone":"","_EventStartDate":"","_EventEndDate":"","_EventStartDateUTC":"","_EventEndDateUTC":"","_EventShowMap":false,"_EventShowMapLink":false,"_EventURL":"","_EventCost":"","_EventCostDescription":"","_EventCurrencySymbol":"","_EventCurrencyCode":"","_EventCurrencyPosition":"","_EventDateTimeSeparator":"","_EventTimeRangeSeparator":"","_EventOrganizerID":[],"_EventVenueID":[],"_OrganizerEmail":"","_OrganizerPhone":"","_OrganizerWebsite":"","_VenueAddress":"","_VenueCity":"","_VenueCountry":"","_VenueProvince":"","_VenueState":"","_VenueZip":"","_VenuePhone":"","_VenueURL":"","_VenueStateProvince":"","_VenueLat":"","_VenueLng":"","_VenueShowMap":false,"_VenueShowMapLink":false,"_jetpack_memberships_contains_paid_content":false,"footnotes":""},"categories":[2,3],"tags":[],"class_list":["post-828","post","type-post","status-publish","format-standard","has-post-thumbnail","hentry","category-notizie","category-oratorio"],"yoast_head":"<!-- This site is optimized with the Yoast SEO plugin v25.0 - https:\/\/yoast.com\/wordpress\/plugins\/seo\/ -->\n<title>FESTA DI DON BOSCO -<\/title>\n<meta name=\"robots\" content=\"index, follow, max-snippet:-1, max-image-preview:large, max-video-preview:-1\" \/>\n<link rel=\"canonical\" href=\"https:\/\/parrocchiamoltrasio.it\/sito\/?p=828\" \/>\n<meta property=\"og:locale\" content=\"it_IT\" \/>\n<meta property=\"og:type\" content=\"article\" \/>\n<meta property=\"og:title\" content=\"FESTA DI DON BOSCO -\" \/>\n<meta property=\"og:description\" content=\"La giornata del 31 gennaio, \u00e8 dedicata a San Giovanni Bosco. Nelle comunit\u00e0 salesiane, nelle scuole, negli oratori, questa festa \u00e8 sempre l\u2019occasione per gioire, per esprimere gratitudine a Dio per il carisma che don Bosco ha saputo trasmettere ai giovani! Ci sono ancora parecchie restrizioni che ci impediscono di... Leggi tutto\" \/>\n<meta property=\"og:url\" content=\"https:\/\/parrocchiamoltrasio.it\/sito\/?p=828\" \/>\n<meta property=\"article:published_time\" content=\"2021-01-25T11:17:21+00:00\" \/>\n<meta property=\"article:modified_time\" content=\"2021-02-09T09:22:16+00:00\" \/>\n<meta property=\"og:image\" content=\"https:\/\/i0.wp.com\/parrocchiamoltrasio.it\/sito\/wp-content\/uploads\/2021\/01\/WhatsApp-Image-2021-01-22-at-10.24.08.jpeg?fit=1059%2C1345&ssl=1\" \/>\n\t<meta property=\"og:image:width\" content=\"1059\" \/>\n\t<meta property=\"og:image:height\" content=\"1345\" \/>\n\t<meta property=\"og:image:type\" content=\"image\/jpeg\" \/>\n<meta name=\"author\" content=\"admin\" \/>\n<meta name=\"twitter:card\" content=\"summary_large_image\" \/>\n<meta name=\"twitter:label1\" content=\"Scritto da\" \/>\n\t<meta name=\"twitter:data1\" content=\"admin\" \/>\n\t<meta name=\"twitter:label2\" content=\"Tempo di lettura stimato\" \/>\n\t<meta name=\"twitter:data2\" content=\"1 minuto\" \/>\n<script type=\"application\/ld+json\" class=\"yoast-schema-graph\">{\"@context\":\"https:\/\/schema.org\",\"@graph\":[{\"@type\":\"WebPage\",\"@id\":\"https:\/\/parrocchiamoltrasio.it\/sito\/?p=828\",\"url\":\"https:\/\/parrocchiamoltrasio.it\/sito\/?p=828\",\"name\":\"FESTA DI DON BOSCO -\",\"isPartOf\":{\"@id\":\"https:\/\/parrocchiamoltrasio.it\/sito\/#website\"},\"primaryImageOfPage\":{\"@id\":\"https:\/\/parrocchiamoltrasio.it\/sito\/?p=828#primaryimage\"},\"image\":{\"@id\":\"https:\/\/parrocchiamoltrasio.it\/sito\/?p=828#primaryimage\"},\"thumbnailUrl\":\"https:\/\/i0.wp.com\/parrocchiamoltrasio.it\/sito\/wp-content\/uploads\/2021\/01\/WhatsApp-Image-2021-01-22-at-10.24.08.jpeg?fit=1059%2C1345&ssl=1\",\"datePublished\":\"2021-01-25T11:17:21+00:00\",\"dateModified\":\"2021-02-09T09:22:16+00:00\",\"author\":{\"@id\":\"https:\/\/parrocchiamoltrasio.it\/sito\/#\/schema\/person\/0bc747236b53a475a8fe5f106ab60cca\"},\"breadcrumb\":{\"@id\":\"https:\/\/parrocchiamoltrasio.it\/sito\/?p=828#breadcrumb\"},\"inLanguage\":\"it-IT\",\"potentialAction\":[{\"@type\":\"ReadAction\",\"target\":[\"https:\/\/parrocchiamoltrasio.it\/sito\/?p=828\"]}]},{\"@type\":\"ImageObject\",\"inLanguage\":\"it-IT\",\"@id\":\"https:\/\/parrocchiamoltrasio.it\/sito\/?p=828#primaryimage\",\"url\":\"https:\/\/i0.wp.com\/parrocchiamoltrasio.it\/sito\/wp-content\/uploads\/2021\/01\/WhatsApp-Image-2021-01-22-at-10.24.08.jpeg?fit=1059%2C1345&ssl=1\",\"contentUrl\":\"https:\/\/i0.wp.com\/parrocchiamoltrasio.it\/sito\/wp-content\/uploads\/2021\/01\/WhatsApp-Image-2021-01-22-at-10.24.08.jpeg?fit=1059%2C1345&ssl=1\",\"width\":1059,\"height\":1345},{\"@type\":\"BreadcrumbList\",\"@id\":\"https:\/\/parrocchiamoltrasio.it\/sito\/?p=828#breadcrumb\",\"itemListElement\":[{\"@type\":\"ListItem\",\"position\":1,\"name\":\"Home\",\"item\":\"https:\/\/parrocchiamoltrasio.it\/sito\"},{\"@type\":\"ListItem\",\"position\":2,\"name\":\"FESTA DI DON BOSCO\"}]},{\"@type\":\"WebSite\",\"@id\":\"https:\/\/parrocchiamoltrasio.it\/sito\/#website\",\"url\":\"https:\/\/parrocchiamoltrasio.it\/sito\/\",\"name\":\"\",\"description\":\"\",\"potentialAction\":[{\"@type\":\"SearchAction\",\"target\":{\"@type\":\"EntryPoint\",\"urlTemplate\":\"https:\/\/parrocchiamoltrasio.it\/sito\/?s={search_term_string}\"},\"query-input\":{\"@type\":\"PropertyValueSpecification\",\"valueRequired\":true,\"valueName\":\"search_term_string\"}}],\"inLanguage\":\"it-IT\"},{\"@type\":\"Person\",\"@id\":\"https:\/\/parrocchiamoltrasio.it\/sito\/#\/schema\/person\/0bc747236b53a475a8fe5f106ab60cca\",\"name\":\"admin\",\"image\":{\"@type\":\"ImageObject\",\"inLanguage\":\"it-IT\",\"@id\":\"https:\/\/parrocchiamoltrasio.it\/sito\/#\/schema\/person\/image\/\",\"url\":\"https:\/\/secure.gravatar.com\/avatar\/7d93eef994802953104735590c7284a6ecf6a5fe12f89df9f74df9746755ac10?s=96&d=mm&r=g\",\"contentUrl\":\"https:\/\/secure.gravatar.com\/avatar\/7d93eef994802953104735590c7284a6ecf6a5fe12f89df9f74df9746755ac10?s=96&d=mm&r=g\",\"caption\":\"admin\"},\"url\":\"https:\/\/parrocchiamoltrasio.it\/sito\/?author=1\"}]}<\/script>\n<!-- \/ Yoast SEO plugin. -->","yoast_head_json":{"title":"FESTA DI DON BOSCO -","robots":{"index":"index","follow":"follow","max-snippet":"max-snippet:-1","max-image-preview":"max-image-preview:large","max-video-preview":"max-video-preview:-1"},"canonical":"https:\/\/parrocchiamoltrasio.it\/sito\/?p=828","og_locale":"it_IT","og_type":"article","og_title":"FESTA DI DON BOSCO -","og_description":"La giornata del 31 gennaio, \u00e8 dedicata a San Giovanni Bosco. Nelle comunit\u00e0 salesiane, nelle scuole, negli oratori, questa festa \u00e8 sempre l\u2019occasione per gioire, per esprimere gratitudine a Dio per il carisma che don Bosco ha saputo trasmettere ai giovani! Ci sono ancora parecchie restrizioni che ci impediscono di... Leggi tutto","og_url":"https:\/\/parrocchiamoltrasio.it\/sito\/?p=828","article_published_time":"2021-01-25T11:17:21+00:00","article_modified_time":"2021-02-09T09:22:16+00:00","og_image":[{"width":1059,"height":1345,"url":"https:\/\/i0.wp.com\/parrocchiamoltrasio.it\/sito\/wp-content\/uploads\/2021\/01\/WhatsApp-Image-2021-01-22-at-10.24.08.jpeg?fit=1059%2C1345&ssl=1","type":"image\/jpeg"}],"author":"admin","twitter_card":"summary_large_image","twitter_misc":{"Scritto da":"admin","Tempo di lettura stimato":"1 minuto"},"schema":{"@context":"https:\/\/schema.org","@graph":[{"@type":"WebPage","@id":"https:\/\/parrocchiamoltrasio.it\/sito\/?p=828","url":"https:\/\/parrocchiamoltrasio.it\/sito\/?p=828","name":"FESTA DI DON BOSCO -","isPartOf":{"@id":"https:\/\/parrocchiamoltrasio.it\/sito\/#website"},"primaryImageOfPage":{"@id":"https:\/\/parrocchiamoltrasio.it\/sito\/?p=828#primaryimage"},"image":{"@id":"https:\/\/parrocchiamoltrasio.it\/sito\/?p=828#primaryimage"},"thumbnailUrl":"https:\/\/i0.wp.com\/parrocchiamoltrasio.it\/sito\/wp-content\/uploads\/2021\/01\/WhatsApp-Image-2021-01-22-at-10.24.08.jpeg?fit=1059%2C1345&ssl=1","datePublished":"2021-01-25T11:17:21+00:00","dateModified":"2021-02-09T09:22:16+00:00","author":{"@id":"https:\/\/parrocchiamoltrasio.it\/sito\/#\/schema\/person\/0bc747236b53a475a8fe5f106ab60cca"},"breadcrumb":{"@id":"https:\/\/parrocchiamoltrasio.it\/sito\/?p=828#breadcrumb"},"inLanguage":"it-IT","potentialAction":[{"@type":"ReadAction","target":["https:\/\/parrocchiamoltrasio.it\/sito\/?p=828"]}]},{"@type":"ImageObject","inLanguage":"it-IT","@id":"https:\/\/parrocchiamoltrasio.it\/sito\/?p=828#primaryimage","url":"https:\/\/i0.wp.com\/parrocchiamoltrasio.it\/sito\/wp-content\/uploads\/2021\/01\/WhatsApp-Image-2021-01-22-at-10.24.08.jpeg?fit=1059%2C1345&ssl=1","contentUrl":"https:\/\/i0.wp.com\/parrocchiamoltrasio.it\/sito\/wp-content\/uploads\/2021\/01\/WhatsApp-Image-2021-01-22-at-10.24.08.jpeg?fit=1059%2C1345&ssl=1","width":1059,"height":1345},{"@type":"BreadcrumbList","@id":"https:\/\/parrocchiamoltrasio.it\/sito\/?p=828#breadcrumb","itemListElement":[{"@type":"ListItem","position":1,"name":"Home","item":"https:\/\/parrocchiamoltrasio.it\/sito"},{"@type":"ListItem","position":2,"name":"FESTA DI DON BOSCO"}]},{"@type":"WebSite","@id":"https:\/\/parrocchiamoltrasio.it\/sito\/#website","url":"https:\/\/parrocchiamoltrasio.it\/sito\/","name":"","description":"","potentialAction":[{"@type":"SearchAction","target":{"@type":"EntryPoint","urlTemplate":"https:\/\/parrocchiamoltrasio.it\/sito\/?s={search_term_string}"},"query-input":{"@type":"PropertyValueSpecification","valueRequired":true,"valueName":"search_term_string"}}],"inLanguage":"it-IT"},{"@type":"Person","@id":"https:\/\/parrocchiamoltrasio.it\/sito\/#\/schema\/person\/0bc747236b53a475a8fe5f106ab60cca","name":"admin","image":{"@type":"ImageObject","inLanguage":"it-IT","@id":"https:\/\/parrocchiamoltrasio.it\/sito\/#\/schema\/person\/image\/","url":"https:\/\/secure.gravatar.com\/avatar\/7d93eef994802953104735590c7284a6ecf6a5fe12f89df9f74df9746755ac10?s=96&d=mm&r=g","contentUrl":"https:\/\/secure.gravatar.com\/avatar\/7d93eef994802953104735590c7284a6ecf6a5fe12f89df9f74df9746755ac10?s=96&d=mm&r=g","caption":"admin"},"url":"https:\/\/parrocchiamoltrasio.it\/sito\/?author=1"}]}},"jetpack_featured_media_url":"https:\/\/i0.wp.com\/parrocchiamoltrasio.it\/sito\/wp-content\/uploads\/2021\/01\/WhatsApp-Image-2021-01-22-at-10.24.08.jpeg?fit=1059%2C1345&ssl=1","jetpack_sharing_enabled":true,"_links":{"self":[{"href":"https:\/\/parrocchiamoltrasio.it\/sito\/index.php?rest_route=\/wp\/v2\/posts\/828","targetHints":{"allow":["GET"]}}],"collection":[{"href":"https:\/\/parrocchiamoltrasio.it\/sito\/index.php?rest_route=\/wp\/v2\/posts"}],"about":[{"href":"https:\/\/parrocchiamoltrasio.it\/sito\/index.php?rest_route=\/wp\/v2\/types\/post"}],"author":[{"embeddable":true,"href":"https:\/\/parrocchiamoltrasio.it\/sito\/index.php?rest_route=\/wp\/v2\/users\/1"}],"replies":[{"embeddable":true,"href":"https:\/\/parrocchiamoltrasio.it\/sito\/index.php?rest_route=%2Fwp%2Fv2%2Fcomments&post=828"}],"version-history":[{"count":12,"href":"https:\/\/parrocchiamoltrasio.it\/sito\/index.php?rest_route=\/wp\/v2\/posts\/828\/revisions"}],"predecessor-version":[{"id":851,"href":"https:\/\/parrocchiamoltrasio.it\/sito\/index.php?rest_route=\/wp\/v2\/posts\/828\/revisions\/851"}],"wp:featuredmedia":[{"embeddable":true,"href":"https:\/\/parrocchiamoltrasio.it\/sito\/index.php?rest_route=\/wp\/v2\/media\/832"}],"wp:attachment":[{"href":"https:\/\/parrocchiamoltrasio.it\/sito\/index.php?rest_route=%2Fwp%2Fv2%2Fmedia&parent=828"}],"wp:term":[{"taxonomy":"category","embeddable":true,"href":"https:\/\/parrocchiamoltrasio.it\/sito\/index.php?rest_route=%2Fwp%2Fv2%2Fcategories&post=828"},{"taxonomy":"post_tag","embeddable":true,"href":"https:\/\/parrocchiamoltrasio.it\/sito\/index.php?rest_route=%2Fwp%2Fv2%2Ftags&post=828"}],"curies":[{"name":"wp","href":"https:\/\/api.w.org\/{rel}","templated":true}]}}