{"id":908,"date":"2021-02-24T10:49:45","date_gmt":"2021-02-24T09:49:45","guid":{"rendered":"https:\/\/parrocchiamoltrasio.it\/sito\/?p=908"},"modified":"2021-03-30T08:42:07","modified_gmt":"2021-03-30T07:42:07","slug":"la-via-della-croce","status":"publish","type":"post","link":"https:\/\/parrocchiamoltrasio.it\/sito\/?p=908","title":{"rendered":"La Via della Croce"},"content":{"rendered":"\n<figure class=\"wp-block-image size-large\"><a href=\"https:\/\/i0.wp.com\/parrocchiamoltrasio.it\/sito\/wp-content\/uploads\/2021\/02\/Quaresimale-2021.png?ssl=1\"><img data-recalc-dims=\"1\" loading=\"lazy\" decoding=\"async\" width=\"647\" height=\"911\" src=\"https:\/\/i0.wp.com\/parrocchiamoltrasio.it\/sito\/wp-content\/uploads\/2021\/02\/Quaresimale-2021.png?resize=647%2C911&#038;ssl=1\" alt=\"\" class=\"wp-image-909\" srcset=\"https:\/\/i0.wp.com\/parrocchiamoltrasio.it\/sito\/wp-content\/uploads\/2021\/02\/Quaresimale-2021.png?w=647&amp;ssl=1 647w, https:\/\/i0.wp.com\/parrocchiamoltrasio.it\/sito\/wp-content\/uploads\/2021\/02\/Quaresimale-2021.png?resize=213%2C300&amp;ssl=1 213w, https:\/\/i0.wp.com\/parrocchiamoltrasio.it\/sito\/wp-content\/uploads\/2021\/02\/Quaresimale-2021.png?resize=107%2C150&amp;ssl=1 107w\" sizes=\"auto, (max-width: 647px) 100vw, 647px\" \/><\/a><\/figure>\n\n\n\n<p><strong>Via Crucis &#8211; Vicariato di Cernobbio<\/strong><\/p>\n\n\n\n<p>Gli appuntamenti saranno trasmessi anche in diretta streaming<br>sul canale YouTube della Comunit\u00e0 Pastorale Beata Vergine del Bisbino:<\/p>\n\n\n\n<p><a href=\"https:\/\/www.youtube.com\/user\/IlBisbino\">https:\/\/www.youtube.com\/user\/IlBisbino<\/a><\/p>\n\n\n\n<h4 class=\"has-vivid-red-color has-text-color wp-block-heading\">Appuntamenti:<\/h4>\n\n\n\n<blockquote class=\"wp-block-quote is-layout-flow wp-block-quote-is-layout-flow\"><p><strong>Venerd\u00ec 26 Febbraio ore 20.45<\/strong><br>I-III Stazione, Chiesa di S. Teresa in Maslianico <\/p><\/blockquote>\n\n\n\n<p><iframe loading=\"lazy\" title=\"La via della Croce 1 - 26 febbraio 2021 - Maslianico\" width=\"850\" height=\"478\" src=\"https:\/\/www.youtube.com\/embed\/jvv0_GngkMg?feature=oembed\" frameborder=\"0\" allow=\"accelerometer; autoplay; clipboard-write; encrypted-media; gyroscope; picture-in-picture\" allowfullscreen><\/iframe><\/p>\n\n\n\n<p><\/p>\n\n\n\n<blockquote class=\"wp-block-quote is-layout-flow wp-block-quote-is-layout-flow\"><p><strong>Venerd\u00ec 5 Marzo ore 20.45<\/strong><br>IV-VI Stazione, Chiesa di S. Martino in Moltrasio <span style=\"font-size: inherit;\"><\/span><\/p><\/blockquote>\n\n\n\n<p><iframe loading=\"lazy\" title=\"La via della Croce 2 - 5 marzo 2021 - Moltrasio\" width=\"850\" height=\"638\" src=\"https:\/\/www.youtube.com\/embed\/VVH_bNmCIKE?feature=oembed\" frameborder=\"0\" allow=\"accelerometer; autoplay; clipboard-write; encrypted-media; gyroscope; picture-in-picture\" allowfullscreen><\/iframe><\/p>\n\n\n\n<blockquote class=\"wp-block-quote is-layout-flow wp-block-quote-is-layout-flow\"><p><strong>Venerd\u00ec 12 <strong>Marz<\/strong>o ore 20.45<\/strong><br>VII-IX Stazione, Chiesa di S. Michele in Rovenna<\/p><\/blockquote>\n\n\n\n<figure class=\"wp-block-embed is-type-video is-provider-youtube wp-block-embed-youtube wp-embed-aspect-16-9 wp-has-aspect-ratio\"><div class=\"wp-block-embed__wrapper\">\n<iframe loading=\"lazy\" title=\"La via della Croce 3 - 12 marzo 2021 - Rovenna\" width=\"850\" height=\"638\" src=\"https:\/\/www.youtube.com\/embed\/k2jBJe1XXbU?feature=oembed\" frameborder=\"0\" allow=\"accelerometer; autoplay; clipboard-write; encrypted-media; gyroscope; picture-in-picture\" allowfullscreen><\/iframe>\n<\/div><\/figure>\n\n\n\n<hr class=\"wp-block-separator\"\/>\n\n\n\n<blockquote class=\"wp-block-quote is-layout-flow wp-block-quote-is-layout-flow\"><p><strong>Venerd\u00ec 19 <strong>Marzo<\/strong> ore 20.45<\/strong><br>X-XII Stazione, Chiesa di S. Giorgio in Laglio<\/p><\/blockquote>\n\n\n\n<figure class=\"wp-block-embed is-type-video is-provider-youtube wp-block-embed-youtube wp-embed-aspect-16-9 wp-has-aspect-ratio\"><div class=\"wp-block-embed__wrapper\">\n<iframe loading=\"lazy\" title=\"La via della Croce 4 - 19 marzo 2021 - Laglio\" width=\"850\" height=\"638\" src=\"https:\/\/www.youtube.com\/embed\/NXFb_yTsOE8?feature=oembed\" frameborder=\"0\" allow=\"accelerometer; autoplay; clipboard-write; encrypted-media; gyroscope; picture-in-picture\" allowfullscreen><\/iframe>\n<\/div><\/figure>\n\n\n\n<blockquote class=\"wp-block-quote is-layout-flow wp-block-quote-is-layout-flow\"><p><strong>Venerd\u00ec 26 <strong>Marzo<\/strong> ore 20.45<\/strong><br>XIII-XIV Stazione, Chiesa di SS. Redentore in Cernobbio<\/p><\/blockquote>\n\n\n\n<figure class=\"wp-block-embed is-type-video is-provider-youtube wp-block-embed-youtube wp-embed-aspect-4-3 wp-has-aspect-ratio\"><div class=\"wp-block-embed__wrapper\">\n<iframe loading=\"lazy\" title=\"La via della Croce 5 - 26 marzo 2021 - Cernobbio\" width=\"850\" height=\"638\" src=\"https:\/\/www.youtube.com\/embed\/OiJYs_2apjo?feature=oembed\" frameborder=\"0\" allow=\"accelerometer; autoplay; clipboard-write; encrypted-media; gyroscope; picture-in-picture\" allowfullscreen><\/iframe>\n<\/div><\/figure>\n\n\n\n<p><br><\/p>\n","protected":false},"excerpt":{"rendered":"<p>Via Crucis &#8211; Vicariato di Cernobbio Gli appuntamenti saranno trasmessi anche in diretta streamingsul canale YouTube della Comunit\u00e0 Pastorale Beata Vergine del Bisbino: https:\/\/www.youtube.com\/user\/IlBisbino Appuntamenti: Venerd\u00ec 26 Febbraio ore 20.45I-III Stazione, Chiesa di S. Teresa in Maslianico Venerd\u00ec 5 Marzo ore 20.45IV-VI Stazione, Chiesa di S. Martino in Moltrasio Venerd\u00ec&#8230;<\/p>\n<p class=\"continue-reading-button\"> <a class=\"continue-reading-link\" href=\"https:\/\/parrocchiamoltrasio.it\/sito\/?p=908\">Leggi tutto<i class=\"crycon-right-dir\"><\/i><\/a><\/p>\n","protected":false},"author":1,"featured_media":0,"comment_status":"closed","ping_status":"open","sticky":false,"template":"","format":"standard","meta":{"_EventAllDay":false,"_EventTimezone":"","_EventStartDate":"","_EventEndDate":"","_EventStartDateUTC":"","_EventEndDateUTC":"","_EventShowMap":false,"_EventShowMapLink":false,"_EventURL":"","_EventCost":"","_EventCostDescription":"","_EventCurrencySymbol":"","_EventCurrencyCode":"","_EventCurrencyPosition":"","_EventDateTimeSeparator":"","_EventTimeRangeSeparator":"","_EventOrganizerID":[],"_EventVenueID":[],"_OrganizerEmail":"","_OrganizerPhone":"","_OrganizerWebsite":"","_VenueAddress":"","_VenueCity":"","_VenueCountry":"","_VenueProvince":"","_VenueState":"","_VenueZip":"","_VenuePhone":"","_VenueURL":"","_VenueStateProvince":"","_VenueLat":"","_VenueLng":"","_VenueShowMap":false,"_VenueShowMapLink":false,"_jetpack_memberships_contains_paid_content":false,"footnotes":""},"categories":[74,2,77],"tags":[],"class_list":["post-908","post","type-post","status-publish","format-standard","hentry","category-ss-messe","category-notizie","category-streaming"],"yoast_head":"<!-- This site is optimized with the Yoast SEO plugin v25.0 - https:\/\/yoast.com\/wordpress\/plugins\/seo\/ -->\n<title>La Via della Croce -<\/title>\n<meta name=\"robots\" content=\"index, follow, max-snippet:-1, max-image-preview:large, max-video-preview:-1\" \/>\n<link rel=\"canonical\" href=\"https:\/\/parrocchiamoltrasio.it\/sito\/?p=908\" \/>\n<meta property=\"og:locale\" content=\"it_IT\" \/>\n<meta property=\"og:type\" content=\"article\" \/>\n<meta property=\"og:title\" content=\"La Via della Croce -\" \/>\n<meta property=\"og:description\" content=\"Via Crucis &#8211; Vicariato di Cernobbio Gli appuntamenti saranno trasmessi anche in diretta streamingsul canale YouTube della Comunit\u00e0 Pastorale Beata Vergine del Bisbino: https:\/\/www.youtube.com\/user\/IlBisbino Appuntamenti: Venerd\u00ec 26 Febbraio ore 20.45I-III Stazione, Chiesa di S. Teresa in Maslianico Venerd\u00ec 5 Marzo ore 20.45IV-VI Stazione, Chiesa di S. Martino in Moltrasio Venerd\u00ec... Leggi tutto\" \/>\n<meta property=\"og:url\" content=\"https:\/\/parrocchiamoltrasio.it\/sito\/?p=908\" \/>\n<meta property=\"article:published_time\" content=\"2021-02-24T09:49:45+00:00\" \/>\n<meta property=\"article:modified_time\" content=\"2021-03-30T07:42:07+00:00\" \/>\n<meta property=\"og:image\" content=\"https:\/\/parrocchiamoltrasio.it\/sito\/wp-content\/uploads\/2021\/02\/Quaresimale-2021.png\" \/>\n<meta name=\"author\" content=\"admin\" \/>\n<meta name=\"twitter:card\" content=\"summary_large_image\" \/>\n<meta name=\"twitter:label1\" content=\"Scritto da\" \/>\n\t<meta name=\"twitter:data1\" content=\"admin\" \/>\n\t<meta name=\"twitter:label2\" content=\"Tempo di lettura stimato\" \/>\n\t<meta name=\"twitter:data2\" content=\"1 minuto\" \/>\n<script type=\"application\/ld+json\" class=\"yoast-schema-graph\">{\"@context\":\"https:\/\/schema.org\",\"@graph\":[{\"@type\":\"WebPage\",\"@id\":\"https:\/\/parrocchiamoltrasio.it\/sito\/?p=908\",\"url\":\"https:\/\/parrocchiamoltrasio.it\/sito\/?p=908\",\"name\":\"La Via della Croce -\",\"isPartOf\":{\"@id\":\"https:\/\/parrocchiamoltrasio.it\/sito\/#website\"},\"primaryImageOfPage\":{\"@id\":\"https:\/\/parrocchiamoltrasio.it\/sito\/?p=908#primaryimage\"},\"image\":{\"@id\":\"https:\/\/parrocchiamoltrasio.it\/sito\/?p=908#primaryimage\"},\"thumbnailUrl\":\"https:\/\/parrocchiamoltrasio.it\/sito\/wp-content\/uploads\/2021\/02\/Quaresimale-2021.png\",\"datePublished\":\"2021-02-24T09:49:45+00:00\",\"dateModified\":\"2021-03-30T07:42:07+00:00\",\"author\":{\"@id\":\"https:\/\/parrocchiamoltrasio.it\/sito\/#\/schema\/person\/0bc747236b53a475a8fe5f106ab60cca\"},\"breadcrumb\":{\"@id\":\"https:\/\/parrocchiamoltrasio.it\/sito\/?p=908#breadcrumb\"},\"inLanguage\":\"it-IT\",\"potentialAction\":[{\"@type\":\"ReadAction\",\"target\":[\"https:\/\/parrocchiamoltrasio.it\/sito\/?p=908\"]}]},{\"@type\":\"ImageObject\",\"inLanguage\":\"it-IT\",\"@id\":\"https:\/\/parrocchiamoltrasio.it\/sito\/?p=908#primaryimage\",\"url\":\"https:\/\/i0.wp.com\/parrocchiamoltrasio.it\/sito\/wp-content\/uploads\/2021\/02\/Quaresimale-2021.png?fit=647%2C911&ssl=1\",\"contentUrl\":\"https:\/\/i0.wp.com\/parrocchiamoltrasio.it\/sito\/wp-content\/uploads\/2021\/02\/Quaresimale-2021.png?fit=647%2C911&ssl=1\",\"width\":647,\"height\":911},{\"@type\":\"BreadcrumbList\",\"@id\":\"https:\/\/parrocchiamoltrasio.it\/sito\/?p=908#breadcrumb\",\"itemListElement\":[{\"@type\":\"ListItem\",\"position\":1,\"name\":\"Home\",\"item\":\"https:\/\/parrocchiamoltrasio.it\/sito\"},{\"@type\":\"ListItem\",\"position\":2,\"name\":\"La Via della Croce\"}]},{\"@type\":\"WebSite\",\"@id\":\"https:\/\/parrocchiamoltrasio.it\/sito\/#website\",\"url\":\"https:\/\/parrocchiamoltrasio.it\/sito\/\",\"name\":\"\",\"description\":\"\",\"potentialAction\":[{\"@type\":\"SearchAction\",\"target\":{\"@type\":\"EntryPoint\",\"urlTemplate\":\"https:\/\/parrocchiamoltrasio.it\/sito\/?s={search_term_string}\"},\"query-input\":{\"@type\":\"PropertyValueSpecification\",\"valueRequired\":true,\"valueName\":\"search_term_string\"}}],\"inLanguage\":\"it-IT\"},{\"@type\":\"Person\",\"@id\":\"https:\/\/parrocchiamoltrasio.it\/sito\/#\/schema\/person\/0bc747236b53a475a8fe5f106ab60cca\",\"name\":\"admin\",\"image\":{\"@type\":\"ImageObject\",\"inLanguage\":\"it-IT\",\"@id\":\"https:\/\/parrocchiamoltrasio.it\/sito\/#\/schema\/person\/image\/\",\"url\":\"https:\/\/secure.gravatar.com\/avatar\/7d93eef994802953104735590c7284a6ecf6a5fe12f89df9f74df9746755ac10?s=96&d=mm&r=g\",\"contentUrl\":\"https:\/\/secure.gravatar.com\/avatar\/7d93eef994802953104735590c7284a6ecf6a5fe12f89df9f74df9746755ac10?s=96&d=mm&r=g\",\"caption\":\"admin\"},\"url\":\"https:\/\/parrocchiamoltrasio.it\/sito\/?author=1\"}]}<\/script>\n<!-- \/ Yoast SEO plugin. -->","yoast_head_json":{"title":"La Via della Croce -","robots":{"index":"index","follow":"follow","max-snippet":"max-snippet:-1","max-image-preview":"max-image-preview:large","max-video-preview":"max-video-preview:-1"},"canonical":"https:\/\/parrocchiamoltrasio.it\/sito\/?p=908","og_locale":"it_IT","og_type":"article","og_title":"La Via della Croce -","og_description":"Via Crucis &#8211; Vicariato di Cernobbio Gli appuntamenti saranno trasmessi anche in diretta streamingsul canale YouTube della Comunit\u00e0 Pastorale Beata Vergine del Bisbino: https:\/\/www.youtube.com\/user\/IlBisbino Appuntamenti: Venerd\u00ec 26 Febbraio ore 20.45I-III Stazione, Chiesa di S. Teresa in Maslianico Venerd\u00ec 5 Marzo ore 20.45IV-VI Stazione, Chiesa di S. Martino in Moltrasio Venerd\u00ec... Leggi tutto","og_url":"https:\/\/parrocchiamoltrasio.it\/sito\/?p=908","article_published_time":"2021-02-24T09:49:45+00:00","article_modified_time":"2021-03-30T07:42:07+00:00","og_image":[{"url":"https:\/\/parrocchiamoltrasio.it\/sito\/wp-content\/uploads\/2021\/02\/Quaresimale-2021.png","type":"","width":"","height":""}],"author":"admin","twitter_card":"summary_large_image","twitter_misc":{"Scritto da":"admin","Tempo di lettura stimato":"1 minuto"},"schema":{"@context":"https:\/\/schema.org","@graph":[{"@type":"WebPage","@id":"https:\/\/parrocchiamoltrasio.it\/sito\/?p=908","url":"https:\/\/parrocchiamoltrasio.it\/sito\/?p=908","name":"La Via della Croce -","isPartOf":{"@id":"https:\/\/parrocchiamoltrasio.it\/sito\/#website"},"primaryImageOfPage":{"@id":"https:\/\/parrocchiamoltrasio.it\/sito\/?p=908#primaryimage"},"image":{"@id":"https:\/\/parrocchiamoltrasio.it\/sito\/?p=908#primaryimage"},"thumbnailUrl":"https:\/\/parrocchiamoltrasio.it\/sito\/wp-content\/uploads\/2021\/02\/Quaresimale-2021.png","datePublished":"2021-02-24T09:49:45+00:00","dateModified":"2021-03-30T07:42:07+00:00","author":{"@id":"https:\/\/parrocchiamoltrasio.it\/sito\/#\/schema\/person\/0bc747236b53a475a8fe5f106ab60cca"},"breadcrumb":{"@id":"https:\/\/parrocchiamoltrasio.it\/sito\/?p=908#breadcrumb"},"inLanguage":"it-IT","potentialAction":[{"@type":"ReadAction","target":["https:\/\/parrocchiamoltrasio.it\/sito\/?p=908"]}]},{"@type":"ImageObject","inLanguage":"it-IT","@id":"https:\/\/parrocchiamoltrasio.it\/sito\/?p=908#primaryimage","url":"https:\/\/i0.wp.com\/parrocchiamoltrasio.it\/sito\/wp-content\/uploads\/2021\/02\/Quaresimale-2021.png?fit=647%2C911&ssl=1","contentUrl":"https:\/\/i0.wp.com\/parrocchiamoltrasio.it\/sito\/wp-content\/uploads\/2021\/02\/Quaresimale-2021.png?fit=647%2C911&ssl=1","width":647,"height":911},{"@type":"BreadcrumbList","@id":"https:\/\/parrocchiamoltrasio.it\/sito\/?p=908#breadcrumb","itemListElement":[{"@type":"ListItem","position":1,"name":"Home","item":"https:\/\/parrocchiamoltrasio.it\/sito"},{"@type":"ListItem","position":2,"name":"La Via della Croce"}]},{"@type":"WebSite","@id":"https:\/\/parrocchiamoltrasio.it\/sito\/#website","url":"https:\/\/parrocchiamoltrasio.it\/sito\/","name":"","description":"","potentialAction":[{"@type":"SearchAction","target":{"@type":"EntryPoint","urlTemplate":"https:\/\/parrocchiamoltrasio.it\/sito\/?s={search_term_string}"},"query-input":{"@type":"PropertyValueSpecification","valueRequired":true,"valueName":"search_term_string"}}],"inLanguage":"it-IT"},{"@type":"Person","@id":"https:\/\/parrocchiamoltrasio.it\/sito\/#\/schema\/person\/0bc747236b53a475a8fe5f106ab60cca","name":"admin","image":{"@type":"ImageObject","inLanguage":"it-IT","@id":"https:\/\/parrocchiamoltrasio.it\/sito\/#\/schema\/person\/image\/","url":"https:\/\/secure.gravatar.com\/avatar\/7d93eef994802953104735590c7284a6ecf6a5fe12f89df9f74df9746755ac10?s=96&d=mm&r=g","contentUrl":"https:\/\/secure.gravatar.com\/avatar\/7d93eef994802953104735590c7284a6ecf6a5fe12f89df9f74df9746755ac10?s=96&d=mm&r=g","caption":"admin"},"url":"https:\/\/parrocchiamoltrasio.it\/sito\/?author=1"}]}},"jetpack_featured_media_url":"","jetpack_sharing_enabled":true,"_links":{"self":[{"href":"https:\/\/parrocchiamoltrasio.it\/sito\/index.php?rest_route=\/wp\/v2\/posts\/908","targetHints":{"allow":["GET"]}}],"collection":[{"href":"https:\/\/parrocchiamoltrasio.it\/sito\/index.php?rest_route=\/wp\/v2\/posts"}],"about":[{"href":"https:\/\/parrocchiamoltrasio.it\/sito\/index.php?rest_route=\/wp\/v2\/types\/post"}],"author":[{"embeddable":true,"href":"https:\/\/parrocchiamoltrasio.it\/sito\/index.php?rest_route=\/wp\/v2\/users\/1"}],"replies":[{"embeddable":true,"href":"https:\/\/parrocchiamoltrasio.it\/sito\/index.php?rest_route=%2Fwp%2Fv2%2Fcomments&post=908"}],"version-history":[{"count":17,"href":"https:\/\/parrocchiamoltrasio.it\/sito\/index.php?rest_route=\/wp\/v2\/posts\/908\/revisions"}],"predecessor-version":[{"id":1060,"href":"https:\/\/parrocchiamoltrasio.it\/sito\/index.php?rest_route=\/wp\/v2\/posts\/908\/revisions\/1060"}],"wp:attachment":[{"href":"https:\/\/parrocchiamoltrasio.it\/sito\/index.php?rest_route=%2Fwp%2Fv2%2Fmedia&parent=908"}],"wp:term":[{"taxonomy":"category","embeddable":true,"href":"https:\/\/parrocchiamoltrasio.it\/sito\/index.php?rest_route=%2Fwp%2Fv2%2Fcategories&post=908"},{"taxonomy":"post_tag","embeddable":true,"href":"https:\/\/parrocchiamoltrasio.it\/sito\/index.php?rest_route=%2Fwp%2Fv2%2Ftags&post=908"}],"curies":[{"name":"wp","href":"https:\/\/api.w.org\/{rel}","templated":true}]}}